{"id":80034,"date":"2020-03-24T09:56:37","date_gmt":"2020-03-24T13:56:37","guid":{"rendered":"https:\/\/linitiative.ca\/International\/pour-faire-face-aux-derapages-recours-a-larmee-pour-appliquer-le-confinement\/"},"modified":"2020-03-24T09:56:37","modified_gmt":"2020-03-24T13:56:37","slug":"pour-faire-face-aux-derapages-recours-a-larmee-pour-appliquer-le-confinement","status":"publish","type":"post","link":"https:\/\/linitiative.ca\/International\/pour-faire-face-aux-derapages-recours-a-larmee-pour-appliquer-le-confinement\/","title":{"rendered":"Pour faire face aux d\u00e9rapages : Recours \u00e0 l\u2019arm\u00e9e pour appliquer le confinement"},"content":{"rendered":"<p>Le pr\u00e9sident de la R\u00e9publique, Ka\u00efs Sa\u00efed, a ordonn\u00e9 le d\u00e9ploiement d\u2019un plus grand nombre de militaires pour emp\u00eacher les d\u00e9passements relatifs au confinement total.<\/p>\n<p>Un plus grand nombre de forces militaires sera d\u00e9ploy\u00e9 \u00e0 travers tout le territoire sur ordre du pr\u00e9sident de la R\u00e9publique, Ka\u00efs Sa\u00efed, chef supr\u00eame des forces arm\u00e9es.<\/p>\n<p>Selon un communiqu\u00e9 de la pr\u00e9sidence de la R\u00e9publique, cette d\u00e9cision vise \u00e0 maintenir l\u2019ordre et pr\u00e9venir tous les d\u00e9passements. Elle vise, aussi, \u00e0 inciter les Tunisiens \u00e0 rester chez eux et respecter les mesures prises pour \u00e9viter les rassemblements et les d\u00e9placements injustifi\u00e9s.<\/p>\n<p>Le chef de l\u2019Etat avait d\u00e9cr\u00e9t\u00e9, vendredi dernier, le confinement total dans tout le territoire, \u00e0 l\u2019issue de la r\u00e9union du Conseil de s\u00e9curit\u00e9 nationale. Cette d\u00e9cision avait pour objectif de limiter la propagation du Coronavirus.<\/p>\n<div class=\"wp-post-author-wrap wp-post-author-shortcode left\">\n<h3 class=\"awpa-title\"\/>\n<div class=\"wp-post-author\">\n<div class=\"awpa-img awpa-author-block square\"><a href=\"http:\/\/lexpertjournal.net\/fr\/?author=5\"><img loading=\"lazy\" decoding=\"async\" alt=\"\" src=\"http:\/\/0.gravatar.com\/avatar\/97f8e10a1c1125ba104a76514ee07b16?s=150&amp;d=mm&amp;r=g\" srcset=\"http:\/\/0.gravatar.com\/avatar\/97f8e10a1c1125ba104a76514ee07b16?s=300&amp;d=mm&amp;r=g 2x\" class=\"avatar avatar-150 photo\" height=\"150\" width=\"150\"\/><\/a><\/div>\n<\/div>\n<\/div>\n<aside class=\"mashsb-container mashsb-main mashsb-stretched\">\n<\/aside>\n<p>Auteur: L&rsquo;expert<br \/>\n<a href=\"http:\/\/lexpertjournal.net\/fr\/?p=13190\">Cliquez ici pour lire l&rsquo;article depuis sa source.<\/a><\/p>\n","protected":false},"excerpt":{"rendered":"<p>Le pr\u00e9sident de la R\u00e9publique, Ka\u00efs Sa\u00efed, a ordonn\u00e9 le d\u00e9ploiement d\u2019un plus grand nombre de militaires pour emp\u00eacher les d\u00e9passements relatifs au confinement total. Un plus grand nombre de forces militaires sera d\u00e9ploy\u00e9 \u00e0 travers tout le territoire sur ordre du pr\u00e9sident de la R\u00e9publique, Ka\u00efs Sa\u00efed, chef supr\u00eame des forces arm\u00e9es. Selon un [&hellip;]<\/p>\n","protected":false},"author":1775,"featured_media":0,"comment_status":"closed","ping_status":"closed","sticky":false,"template":"","format":"standard","meta":{"fifu_image_url":"","fifu_image_alt":"","footnotes":""},"categories":[78,55],"tags":[],"class_list":["post-80034","post","type-post","status-publish","format-standard","hentry","category-economie","category-tunisie"],"_links":{"self":[{"href":"https:\/\/linitiative.ca\/International\/wp-json\/wp\/v2\/posts\/80034","targetHints":{"allow":["GET"]}}],"collection":[{"href":"https:\/\/linitiative.ca\/International\/wp-json\/wp\/v2\/posts"}],"about":[{"href":"https:\/\/linitiative.ca\/International\/wp-json\/wp\/v2\/types\/post"}],"author":[{"embeddable":true,"href":"https:\/\/linitiative.ca\/International\/wp-json\/wp\/v2\/users\/1775"}],"replies":[{"embeddable":true,"href":"https:\/\/linitiative.ca\/International\/wp-json\/wp\/v2\/comments?post=80034"}],"version-history":[{"count":0,"href":"https:\/\/linitiative.ca\/International\/wp-json\/wp\/v2\/posts\/80034\/revisions"}],"wp:attachment":[{"href":"https:\/\/linitiative.ca\/International\/wp-json\/wp\/v2\/media?parent=80034"}],"wp:term":[{"taxonomy":"category","embeddable":true,"href":"https:\/\/linitiative.ca\/International\/wp-json\/wp\/v2\/categories?post=80034"},{"taxonomy":"post_tag","embeddable":true,"href":"https:\/\/linitiative.ca\/International\/wp-json\/wp\/v2\/tags?post=80034"}],"curies":[{"name":"wp","href":"https:\/\/api.w.org\/{rel}","templated":true}]}}