{"id":80036,"date":"2020-03-24T10:07:04","date_gmt":"2020-03-24T14:07:04","guid":{"rendered":"https:\/\/linitiative.ca\/International\/bourse-de-tunis-suspension-de-la-cotation-des-actions-tunisie-valeurs\/"},"modified":"2020-03-24T10:07:04","modified_gmt":"2020-03-24T14:07:04","slug":"bourse-de-tunis-suspension-de-la-cotation-des-actions-tunisie-valeurs","status":"publish","type":"post","link":"https:\/\/linitiative.ca\/International\/bourse-de-tunis-suspension-de-la-cotation-des-actions-tunisie-valeurs\/","title":{"rendered":"Bourse de Tunis :  Suspension de la cotation des actions Tunisie Valeurs"},"content":{"rendered":"<p>La cotation des actions \u00ab Tunisie Valeurs \u00bb, \u00e0 la Bourse de Valeurs Mobili\u00e8res de Tunis (BVMT), sera suspendue durant les s\u00e9ances du 24 et du 25 mars 2020. Elle reprendra \u00e0 partir du 26 mars 2020, a annonc\u00e9, mardi, la BVMT.<\/p>\n<p>Cette d\u00e9cision a \u00e9t\u00e9 prise, \u00e0 la demande du Conseil du March\u00e9 Financier (CMF) et suite \u00e0 la publication, lundi, de l\u2019avis d\u2019ouverture de l\u2019Offre Publique d\u2019Achat (OPA) sur les actions de Tunisie Valeurs, a expliqu\u00e9 la place boursi\u00e8re.<\/p>\n<p>L\u2019avis du CMF a fix\u00e9 les conditions de l\u2019OPA \u00e0 laquelle a \u00e9t\u00e9 soumise la Banque Internationale Arabe de Tunisie (BIAT), visant le reste des actions composant le capital de l\u2019interm\u00e9diaire en bourse, Tunisie Valeurs.<\/p>\n<p>Cette offre concerne 1 981 063 actions, repr\u00e9sentant 49,53% du capital de la soci\u00e9t\u00e9.<\/p>\n<p>Le BIAT, qui d\u00e9tient d\u00e9j\u00e0 50,47% du capital de l\u2019interm\u00e9diaire en bourse, s\u2019engage pendant la p\u00e9riode de validit\u00e9 de l\u2019OPA \u00e0 acqu\u00e9rir sur le march\u00e9, la totalit\u00e9 des titres pr\u00e9sent\u00e9s.<\/p>\n<p>Le prix de l\u2019offre est fix\u00e9 \u00e0 18,150 dinars l\u2019action, hors frais de courtage et commission sur transactions en bourse.<\/p>\n<p>Bilan des contaminations au Covid-19<\/p>\n<p>25 nouveaux cas confirm\u00e9s pour un total de 114 personnes atteintes<\/p>\n<p>Le minist\u00e8re de la sant\u00e9 a annonc\u00e9 mardi sur sa page officielle que 25 nouveaux cas confirm\u00e9s de contamination au COVID-19 ont \u00e9t\u00e9 d\u00e9tect\u00e9s sur un total de 124 analyses effectu\u00e9es portant ainsi le nombre total de personnes atteintes \u00e0 114 cas (74 cas import\u00e9s et 39 cas locaux) sur un total de 1211 analyses effectu\u00e9es.<\/p>\n<p>D\u2019apr\u00e8s le minist\u00e8re, le gouvernorat de Tunis compte le plus grand nombre de contaminations avec 34 cas confirm\u00e9s, suivi du gouvernorat de l\u2019Ariana (20), Ben Arous (12), M\u00e9denine (09), Tataouine (06), Sousse (06), Monastir (07), Sfax (05), Mahdia (03), Kairouan (02) et Bizerte (03).<\/p>\n<p>Les gouvernorats de Nabeul, Gafsa, Gab\u00e8s, K\u00e9bili, Manouba et Zaghouan comptent chacun, un seul cas (01).<\/p>\n<p>Selon la m\u00eame source, sur le total des cas confirm\u00e9s, un patient a \u00e9t\u00e9 gu\u00e9ri et 11 autres sont hospitalis\u00e9s. Le nombre total de d\u00e9c\u00e8s jusqu\u2019\u00e0 pr\u00e9sent est de 03 (1 \u00e0 Sfax, 1 \u00e0 Sousse et 1 \u00e0 l\u2019Ariana).<\/p>\n<p>Par ailleurs, le minist\u00e8re de la sant\u00e9 indique que dans le cadre du suivi des personnes revenues en Tunisie, 15952 ont \u00e9t\u00e9 soumis \u00e0 l\u2019auto-confinement dont 5438 ont termin\u00e9 leur quatorzaine et 10514 sont encore sous surveillance m\u00e9dicale r\u00e9guli\u00e8re.<\/p>\n<p>Afin de mieux lutter contre la propagation du nouveau coronavirus responsable de la maladie du COVID-19, le minist\u00e8re de la sant\u00e9 souligne la n\u00e9cessit\u00e9 de respecter les mesures de confinement g\u00e9n\u00e9ral et les recommandations sanitaires et d\u2019hygi\u00e8ne.<\/p>\n<div class=\"wp-post-author-wrap wp-post-author-shortcode left\">\n<h3 class=\"awpa-title\"\/>\n<div class=\"wp-post-author\">\n<div class=\"awpa-img awpa-author-block square\"><a href=\"http:\/\/lexpertjournal.net\/fr\/?author=5\"><img loading=\"lazy\" decoding=\"async\" alt=\"\" src=\"http:\/\/0.gravatar.com\/avatar\/97f8e10a1c1125ba104a76514ee07b16?s=150&amp;d=mm&amp;r=g\" srcset=\"http:\/\/0.gravatar.com\/avatar\/97f8e10a1c1125ba104a76514ee07b16?s=300&amp;d=mm&amp;r=g 2x\" class=\"avatar avatar-150 photo\" height=\"150\" width=\"150\"\/><\/a><\/div>\n<\/div>\n<\/div>\n<aside class=\"mashsb-container mashsb-main mashsb-stretched\">\n<\/aside>\n<p>Auteur: L&rsquo;expert<br \/>\n<a href=\"http:\/\/lexpertjournal.net\/fr\/?p=13197\">Cliquez ici pour lire l&rsquo;article depuis sa source.<\/a><\/p>\n","protected":false},"excerpt":{"rendered":"<p>La cotation des actions \u00ab Tunisie Valeurs \u00bb, \u00e0 la Bourse de Valeurs Mobili\u00e8res de Tunis (BVMT), sera suspendue durant les s\u00e9ances du 24 et du 25 mars 2020. Elle reprendra \u00e0 partir du 26 mars 2020, a annonc\u00e9, mardi, la BVMT. Cette d\u00e9cision a \u00e9t\u00e9 prise, \u00e0 la demande du Conseil du March\u00e9 Financier [&hellip;]<\/p>\n","protected":false},"author":1775,"featured_media":0,"comment_status":"closed","ping_status":"closed","sticky":false,"template":"","format":"standard","meta":{"fifu_image_url":"","fifu_image_alt":"","footnotes":""},"categories":[78,55],"tags":[],"class_list":["post-80036","post","type-post","status-publish","format-standard","hentry","category-economie","category-tunisie"],"_links":{"self":[{"href":"https:\/\/linitiative.ca\/International\/wp-json\/wp\/v2\/posts\/80036","targetHints":{"allow":["GET"]}}],"collection":[{"href":"https:\/\/linitiative.ca\/International\/wp-json\/wp\/v2\/posts"}],"about":[{"href":"https:\/\/linitiative.ca\/International\/wp-json\/wp\/v2\/types\/post"}],"author":[{"embeddable":true,"href":"https:\/\/linitiative.ca\/International\/wp-json\/wp\/v2\/users\/1775"}],"replies":[{"embeddable":true,"href":"https:\/\/linitiative.ca\/International\/wp-json\/wp\/v2\/comments?post=80036"}],"version-history":[{"count":0,"href":"https:\/\/linitiative.ca\/International\/wp-json\/wp\/v2\/posts\/80036\/revisions"}],"wp:attachment":[{"href":"https:\/\/linitiative.ca\/International\/wp-json\/wp\/v2\/media?parent=80036"}],"wp:term":[{"taxonomy":"category","embeddable":true,"href":"https:\/\/linitiative.ca\/International\/wp-json\/wp\/v2\/categories?post=80036"},{"taxonomy":"post_tag","embeddable":true,"href":"https:\/\/linitiative.ca\/International\/wp-json\/wp\/v2\/tags?post=80036"}],"curies":[{"name":"wp","href":"https:\/\/api.w.org\/{rel}","templated":true}]}}