{"id":80037,"date":"2020-03-24T09:49:00","date_gmt":"2020-03-24T13:49:00","guid":{"rendered":"https:\/\/linitiative.ca\/International\/cour-dalger-tabbou-condamne-a-une-annee-de-prison\/"},"modified":"2020-03-24T09:49:00","modified_gmt":"2020-03-24T13:49:00","slug":"cour-dalger-tabbou-condamne-a-une-annee-de-prison","status":"publish","type":"post","link":"https:\/\/linitiative.ca\/International\/cour-dalger-tabbou-condamne-a-une-annee-de-prison\/","title":{"rendered":"Cour d&rsquo;Alger : Tabbou condamn\u00e9 \u00e0 une ann\u00e9e de prison"},"content":{"rendered":"<div id=\"originalText\" readability=\"49.3194444444\">\n<p>Karim Tabbou a \u00e9t\u00e9 condamn\u00e9, ce mardi, \u00e0 une ann\u00e9e de prison, \u00e0 l\u2019ouverture de son proc\u00e8s en appel \u00e0 la Cour d\u2019Alger, en l\u2019absence de ses avocats.<\/p>\n<p>Le verdict a \u00e9t\u00e9 prononc\u00e9 par le juge au moment o\u00f9 le coordinateur de l\u2019UDS ( Union D\u00e9mocratique et Sociale, parti non agr\u00e9\u00e9) se trouve \u00e0 l\u2019h\u00f4pital, apr\u00e8s avoir \u00e9t\u00e9 victime d\u2019un malaise dans la salle.<\/p>\n<p>Le tribunal de Sidi M&rsquo;hamed avait prononc\u00e9 une peine d&rsquo;une ann\u00e9e de prison, dont six mois avec sursis, le 11 mars dernier, et Karim Tabbou devait retrouver sa libert\u00e9 ce jeudi 26 mars.\u00a0Il passera ainsi six mois encore en prison, apr\u00e8s le verdict de la Cour d&rsquo;Alger.\u00a0<\/p>\n<p>Lire aussi :\u00a0<a href=\"https:\/\/www.liberte-algerie.com\/actualite\/tabbou-victime-dun-malaise-a-la-cour-dalger-video-336555\" target=\"_blank\" rel=\"noopener noreferrer\"><span class=\"c6\">Tabbou victime d\u2019un malaise \u00e0 la Cour d\u2019Alger<\/span><\/a><\/p>\n<\/div>\n<div id=\"text_core\" readability=\"49.3194444444\">\n<p>Karim Tabbou a \u00e9t\u00e9 condamn\u00e9, ce mardi, \u00e0 une ann\u00e9e de prison, \u00e0 l\u2019ouverture de son proc\u00e8s en appel \u00e0 la Cour d\u2019Alger, en l\u2019absence de ses avocats.<\/p>\n<p>Le verdict a \u00e9t\u00e9 prononc\u00e9 par le juge au moment o\u00f9 le coordinateur de l\u2019UDS ( Union D\u00e9mocratique et Sociale, parti non agr\u00e9\u00e9) se trouve \u00e0 l\u2019h\u00f4pital, apr\u00e8s avoir \u00e9t\u00e9 victime d\u2019un malaise dans la salle.<\/p>\n<p>Le tribunal de Sidi M&rsquo;hamed avait prononc\u00e9 une peine d&rsquo;une ann\u00e9e de prison, dont six mois avec sursis, le 11 mars dernier, et Karim Tabbou devait retrouver sa libert\u00e9 ce jeudi 26 mars.\u00a0Il passera ainsi six mois encore en prison, apr\u00e8s le verdict de la Cour d&rsquo;Alger.\u00a0<\/p>\n<p>Lire aussi :\u00a0<a href=\"https:\/\/www.liberte-algerie.com\/actualite\/tabbou-victime-dun-malaise-a-la-cour-dalger-video-336555\" target=\"_blank\" rel=\"noopener noreferrer\"><span class=\"c6\">Tabbou victime d\u2019un malaise \u00e0 la Cour d\u2019Alger<\/span><\/a><\/p>\n<\/div>\n<p>Auteur:<br \/>\n<a href=\"https:\/\/www.liberte-algerie.com\/actualite\/cour-dalger-tabbou-condamne-a-une-annee-de-prison-336557\">Cliquez ici pour lire l&rsquo;article depuis sa source.<\/a><\/p>\n","protected":false},"excerpt":{"rendered":"<p>Karim Tabbou a \u00e9t\u00e9 condamn\u00e9, ce mardi, \u00e0 une ann\u00e9e de prison, \u00e0 l\u2019ouverture de son proc\u00e8s en appel \u00e0 la Cour d\u2019Alger, en l\u2019absence de ses avocats. Le verdict a \u00e9t\u00e9 prononc\u00e9 par le juge au moment o\u00f9 le coordinateur de l\u2019UDS ( Union D\u00e9mocratique et Sociale, parti non agr\u00e9\u00e9) se trouve \u00e0 l\u2019h\u00f4pital, [&hellip;]<\/p>\n","protected":false},"author":1742,"featured_media":0,"comment_status":"closed","ping_status":"closed","sticky":false,"template":"","format":"standard","meta":{"fifu_image_url":"","fifu_image_alt":"","footnotes":""},"categories":[73,53],"tags":[],"class_list":["post-80037","post","type-post","status-publish","format-standard","hentry","category-actualite","category-algerie"],"_links":{"self":[{"href":"https:\/\/linitiative.ca\/International\/wp-json\/wp\/v2\/posts\/80037","targetHints":{"allow":["GET"]}}],"collection":[{"href":"https:\/\/linitiative.ca\/International\/wp-json\/wp\/v2\/posts"}],"about":[{"href":"https:\/\/linitiative.ca\/International\/wp-json\/wp\/v2\/types\/post"}],"author":[{"embeddable":true,"href":"https:\/\/linitiative.ca\/International\/wp-json\/wp\/v2\/users\/1742"}],"replies":[{"embeddable":true,"href":"https:\/\/linitiative.ca\/International\/wp-json\/wp\/v2\/comments?post=80037"}],"version-history":[{"count":0,"href":"https:\/\/linitiative.ca\/International\/wp-json\/wp\/v2\/posts\/80037\/revisions"}],"wp:attachment":[{"href":"https:\/\/linitiative.ca\/International\/wp-json\/wp\/v2\/media?parent=80037"}],"wp:term":[{"taxonomy":"category","embeddable":true,"href":"https:\/\/linitiative.ca\/International\/wp-json\/wp\/v2\/categories?post=80037"},{"taxonomy":"post_tag","embeddable":true,"href":"https:\/\/linitiative.ca\/International\/wp-json\/wp\/v2\/tags?post=80037"}],"curies":[{"name":"wp","href":"https:\/\/api.w.org\/{rel}","templated":true}]}}