{"id":80039,"date":"2020-03-24T11:50:00","date_gmt":"2020-03-24T15:50:00","guid":{"rendered":"https:\/\/linitiative.ca\/International\/34-nouveaux-cas-confirmes-dont-02-deces-en-algerie\/"},"modified":"2020-03-24T11:50:00","modified_gmt":"2020-03-24T15:50:00","slug":"34-nouveaux-cas-confirmes-dont-02-deces-en-algerie","status":"publish","type":"post","link":"https:\/\/linitiative.ca\/International\/34-nouveaux-cas-confirmes-dont-02-deces-en-algerie\/","title":{"rendered":"34 nouveaux cas confirm\u00e9s, dont 02 d\u00e9c\u00e8s en Alg\u00e9rie"},"content":{"rendered":"<div id=\"originalText\" readability=\"46\">\n<p>Trente-quatre\u00a0nouveaux cas du coronavirus\u00a0(Covid-19), dont deux\u00a0d\u00e9c\u00e8s, ont \u00e9t\u00e9 enregistr\u00e9s, mardi en Alg\u00e9rie,\u00a0\u00a0portant le nombre de cas confirm\u00e9s \u00e0 264 et les d\u00e9c\u00e8s \u00e0 dix-neuf (19), a\u00a0r\u00e9v\u00e9l\u00e9 le porte-parole du Comit\u00e9 scientifique de suivi de l&rsquo;\u00e9volution de la\u00a0\u00a0pand\u00e9mie du Coronavirus, Djamel Fourar.\u00a0<\/p>\n<p>Les deux cas de d\u00e9c\u00e8s concernent un homme \u00e2g\u00e9 de 72 ans\u00a0 et celui d&rsquo;un\u00a0\u00a0immigr\u00e9 \u00e2g\u00e9 de 70 ans et respectivement enregistr\u00e9s dans les wilayas de\u00a0\u00a0<br \/>Tizi-Ouzou et de Boumerd\u00e9s, a pr\u00e9cis\u00e9 le Dr Fourar.\u00a0<\/p>\n<p class=\"c6\"><strong>APS<\/strong><\/p>\n<\/div>\n<div id=\"text_core\" readability=\"46\">\n<p>Trente-quatre\u00a0nouveaux cas du coronavirus\u00a0(Covid-19), dont deux\u00a0d\u00e9c\u00e8s, ont \u00e9t\u00e9 enregistr\u00e9s, mardi en Alg\u00e9rie,\u00a0\u00a0portant le nombre de cas confirm\u00e9s \u00e0 264 et les d\u00e9c\u00e8s \u00e0 dix-neuf (19), a\u00a0r\u00e9v\u00e9l\u00e9 le porte-parole du Comit\u00e9 scientifique de suivi de l&rsquo;\u00e9volution de la\u00a0\u00a0pand\u00e9mie du Coronavirus, Djamel Fourar.\u00a0<\/p>\n<p>Les deux cas de d\u00e9c\u00e8s concernent un homme \u00e2g\u00e9 de 72 ans\u00a0 et celui d&rsquo;un\u00a0\u00a0immigr\u00e9 \u00e2g\u00e9 de 70 ans et respectivement enregistr\u00e9s dans les wilayas de\u00a0\u00a0<br \/>Tizi-Ouzou et de Boumerd\u00e9s, a pr\u00e9cis\u00e9 le Dr Fourar.\u00a0<\/p>\n<p class=\"c6\"><strong>APS<\/strong><\/p>\n<\/div>\n<p>Auteur:<br \/>\n<a href=\"https:\/\/www.liberte-algerie.com\/actualite\/34-nouveaux-cas-confirmes-dont-02-deces-en-algerie-336559\">Cliquez ici pour lire l&rsquo;article depuis sa source.<\/a><\/p>\n","protected":false},"excerpt":{"rendered":"<p>Trente-quatre\u00a0nouveaux cas du coronavirus\u00a0(Covid-19), dont deux\u00a0d\u00e9c\u00e8s, ont \u00e9t\u00e9 enregistr\u00e9s, mardi en Alg\u00e9rie,\u00a0\u00a0portant le nombre de cas confirm\u00e9s \u00e0 264 et les d\u00e9c\u00e8s \u00e0 dix-neuf (19), a\u00a0r\u00e9v\u00e9l\u00e9 le porte-parole du Comit\u00e9 scientifique de suivi de l&rsquo;\u00e9volution de la\u00a0\u00a0pand\u00e9mie du Coronavirus, Djamel Fourar.\u00a0 Les deux cas de d\u00e9c\u00e8s concernent un homme \u00e2g\u00e9 de 72 ans\u00a0 et celui [&hellip;]<\/p>\n","protected":false},"author":1742,"featured_media":0,"comment_status":"closed","ping_status":"closed","sticky":false,"template":"","format":"standard","meta":{"fifu_image_url":"","fifu_image_alt":"","footnotes":""},"categories":[73,53],"tags":[],"class_list":["post-80039","post","type-post","status-publish","format-standard","hentry","category-actualite","category-algerie"],"_links":{"self":[{"href":"https:\/\/linitiative.ca\/International\/wp-json\/wp\/v2\/posts\/80039","targetHints":{"allow":["GET"]}}],"collection":[{"href":"https:\/\/linitiative.ca\/International\/wp-json\/wp\/v2\/posts"}],"about":[{"href":"https:\/\/linitiative.ca\/International\/wp-json\/wp\/v2\/types\/post"}],"author":[{"embeddable":true,"href":"https:\/\/linitiative.ca\/International\/wp-json\/wp\/v2\/users\/1742"}],"replies":[{"embeddable":true,"href":"https:\/\/linitiative.ca\/International\/wp-json\/wp\/v2\/comments?post=80039"}],"version-history":[{"count":0,"href":"https:\/\/linitiative.ca\/International\/wp-json\/wp\/v2\/posts\/80039\/revisions"}],"wp:attachment":[{"href":"https:\/\/linitiative.ca\/International\/wp-json\/wp\/v2\/media?parent=80039"}],"wp:term":[{"taxonomy":"category","embeddable":true,"href":"https:\/\/linitiative.ca\/International\/wp-json\/wp\/v2\/categories?post=80039"},{"taxonomy":"post_tag","embeddable":true,"href":"https:\/\/linitiative.ca\/International\/wp-json\/wp\/v2\/tags?post=80039"}],"curies":[{"name":"wp","href":"https:\/\/api.w.org\/{rel}","templated":true}]}}