{"id":80044,"date":"2020-03-24T14:01:33","date_gmt":"2020-03-24T18:01:33","guid":{"rendered":"https:\/\/linitiative.ca\/International\/le-conseil-communal-fixe-des-horaires-pour-les-activites-commerciales\/"},"modified":"2020-03-24T14:01:33","modified_gmt":"2020-03-24T18:01:33","slug":"le-conseil-communal-fixe-des-horaires-pour-les-activites-commerciales","status":"publish","type":"post","link":"https:\/\/linitiative.ca\/International\/le-conseil-communal-fixe-des-horaires-pour-les-activites-commerciales\/","title":{"rendered":"Le Conseil communal fixe des horaires pour les activit\u00e9s commerciales"},"content":{"rendered":"<div class=\"single-featured\"><img alt=\"\" data-src=\"http:\/\/www.mapmarrakech.ma\/map\/uploads\/2020\/03\/fermeture-centre-commerce-copier.jpg\"\/><\/div>\n<div class=\"single-post-excerpt post-excerpt-bc\" readability=\"36\">\n<p>Chichaoua \u2013 Le conseil communal de Chichaoua a annonc\u00e9 avoir fix\u00e9 de nouveaux horaires pour l\u2019ouverture et la fermeture des commerces et des points d\u00e9di\u00e9s aux services pendant la dur\u00e9e de l\u2019\u00e9tat d\u2019urgence sanitaire d\u00e9cr\u00e9t\u00e9 \u00e0 l\u2019\u00e9chelle nationale, pour enrayer la propagation de la pand\u00e9mie du nouveau coronavirus (COVID- 19).<\/p>\n<\/div>\n<div class=\"entry-content clearfix single-post-content\" readability=\"63\">\n<p>Ainsi, le Conseil communal de Chichaoua a d\u00e9cid\u00e9 que ces points de vente soient autoris\u00e9s \u00e0 exercer leurs activit\u00e9s de 08H00 \u00e0 18H00.<\/p>\n<p>Il s\u2019agit des boulangeries, des p\u00e2tisseries, des \u00e9piceries, des boucheries, des poissonneries, des points de vente des c\u00e9r\u00e9ales et l\u00e9gumes, des mat\u00e9riaux agricoles et de fourrage ainsi que du mat\u00e9riel m\u00e9dical et param\u00e9dical, des drogueries et des magasins de vente des mat\u00e9riaux de construction, des produits de nettoyage et des pesticides.<\/p>\n<p>Cette d\u00e9cision exceptionnelle, dont l\u2019ex\u00e9cution a \u00e9t\u00e9 confi\u00e9e aux autorit\u00e9s locales et aux services de la s\u00fbret\u00e9 nationale, de la police administrative et de la commune de Chichaoua, chacun selon ses pr\u00e9rogatives, sera en vigueur jusqu\u2019\u00e0 la lev\u00e9e de l\u2019\u00e9tat d\u2019urgence sanitaire.<\/p>\n<p>Cette mesure, qui s\u2019inscrit dans le cadre de l\u2019\u00e9lan de mobilisation g\u00e9n\u00e9rale auquel ont adh\u00e9r\u00e9 toutes les institutions de l\u2019Etat, intervient dans le sillage des directives des autorit\u00e9s comp\u00e9tentes et suite \u00e0 l\u2019approche proactive mise en place afin de faire face au nouveau coronavirus (Covid-19), d\u2019enrayer sa propagation et de garantir la s\u00e9curit\u00e9 sanitaire de l\u2019ensemble des citoyennes et citoyens.<\/p>\n<\/div>\n<p>Auteur: Meriem IGASS<br \/>\n<a href=\"http:\/\/www.mapmarrakech.ma\/fr\/le-conseil-communal-fixe-des-horaires-pour-les-activites-commerciales\/\">Cliquez ici pour lire l&rsquo;article depuis sa source.<\/a><\/p>\n","protected":false},"excerpt":{"rendered":"<p>Chichaoua \u2013 Le conseil communal de Chichaoua a annonc\u00e9 avoir fix\u00e9 de nouveaux horaires pour l\u2019ouverture et la fermeture des commerces et des points d\u00e9di\u00e9s aux services pendant la dur\u00e9e de l\u2019\u00e9tat d\u2019urgence sanitaire d\u00e9cr\u00e9t\u00e9 \u00e0 l\u2019\u00e9chelle nationale, pour enrayer la propagation de la pand\u00e9mie du nouveau coronavirus (COVID- 19). Ainsi, le Conseil communal de [&hellip;]<\/p>\n","protected":false},"author":1788,"featured_media":80045,"comment_status":"closed","ping_status":"closed","sticky":false,"template":"","format":"standard","meta":{"fifu_image_url":"","fifu_image_alt":"","footnotes":""},"categories":[54,76],"tags":[],"class_list":["post-80044","post","type-post","status-publish","format-standard","has-post-thumbnail","hentry","category-maroc","category-regions"],"_links":{"self":[{"href":"https:\/\/linitiative.ca\/International\/wp-json\/wp\/v2\/posts\/80044","targetHints":{"allow":["GET"]}}],"collection":[{"href":"https:\/\/linitiative.ca\/International\/wp-json\/wp\/v2\/posts"}],"about":[{"href":"https:\/\/linitiative.ca\/International\/wp-json\/wp\/v2\/types\/post"}],"author":[{"embeddable":true,"href":"https:\/\/linitiative.ca\/International\/wp-json\/wp\/v2\/users\/1788"}],"replies":[{"embeddable":true,"href":"https:\/\/linitiative.ca\/International\/wp-json\/wp\/v2\/comments?post=80044"}],"version-history":[{"count":0,"href":"https:\/\/linitiative.ca\/International\/wp-json\/wp\/v2\/posts\/80044\/revisions"}],"wp:featuredmedia":[{"embeddable":true,"href":"https:\/\/linitiative.ca\/International\/wp-json\/"}],"wp:attachment":[{"href":"https:\/\/linitiative.ca\/International\/wp-json\/wp\/v2\/media?parent=80044"}],"wp:term":[{"taxonomy":"category","embeddable":true,"href":"https:\/\/linitiative.ca\/International\/wp-json\/wp\/v2\/categories?post=80044"},{"taxonomy":"post_tag","embeddable":true,"href":"https:\/\/linitiative.ca\/International\/wp-json\/wp\/v2\/tags?post=80044"}],"curies":[{"name":"wp","href":"https:\/\/api.w.org\/{rel}","templated":true}]}}