{"id":80047,"date":"2020-03-24T13:45:54","date_gmt":"2020-03-24T17:45:54","guid":{"rendered":"https:\/\/linitiative.ca\/International\/coronavirus-at-modifie-les-horaires-douverture-de-ses-agences-a-blida-et-alger\/"},"modified":"2020-03-24T13:45:54","modified_gmt":"2020-03-24T17:45:54","slug":"coronavirus-at-modifie-les-horaires-douverture-de-ses-agences-a-blida-et-alger","status":"publish","type":"post","link":"https:\/\/linitiative.ca\/International\/coronavirus-at-modifie-les-horaires-douverture-de-ses-agences-a-blida-et-alger\/","title":{"rendered":"Coronavirus : AT modifie les horaires d&rsquo;ouverture de ses agences\u00a0 \u00e0 Blida et Alger"},"content":{"rendered":"<p><span class=\"sp-nh-title\">Confinement total \u00e0 Blida : toutes les mesures prises pour couvrir les besoins des citoyens<\/span> &#8211; <span class=\"sp-nh-date\">mardi 24 mars 2020 19:00<\/span><\/p>\n<p><span class=\"sp-nh-title\">Coronavirus : AT modifie les horaires d&rsquo;ouverture de ses agences\u00a0 \u00e0 Blida et Alger<\/span> &#8211; <span class=\"sp-nh-date\">mardi 24 mars 2020 18:45<\/span><\/p>\n<p><span class=\"sp-nh-title\">La chambre de commerce et d\u2019industrie de Blida appelle \u00e0 des dons de produits pharmaceutiques et alimentaires<\/span> &#8211; <span class=\"sp-nh-date\">mardi 24 mars 2020 18:35<\/span><\/p>\n<p><span class=\"sp-nh-title\">Commerce ext\u00e9rieur: un d\u00e9ficit de 792 millions de dollars en janvier 2020<\/span> &#8211; <span class=\"sp-nh-date\">mardi 24 mars 2020 17:53<\/span><\/p>\n<p><span class=\"sp-nh-title\">Agrodiv assure 90.000 quintaux \/jour de semoule et de farine pour satisfaire la demande exceptionnelle<\/span> &#8211; <span class=\"sp-nh-date\">mardi 24 mars 2020 17:31<\/span><\/p>\n<p><span class=\"sp-nh-title\">Le nouveau protocole th\u00e9rapeutique destin\u00e9 seulement aux cas aigus<\/span> &#8211; <span class=\"sp-nh-date\">mardi 24 mars 2020 17:09<\/span><\/p>\n<p><span class=\"sp-nh-title\">\u0650Covid 19: Trente-quatre nouveaux cas confirm\u00e9s, dont deux d\u00e9c\u00e8s en Alg\u00e9rie \u00a0<\/span> &#8211; <span class=\"sp-nh-date\">mardi 24 mars 2020 16:57<\/span><\/p>\n<p><span class=\"sp-nh-title\">Aucun cas de contamination \u00e0 travers tous les \u00e9tablissements p\u00e9nitentiaires<\/span> &#8211; <span class=\"sp-nh-date\">mardi 24 mars 2020 16:26<\/span><\/p>\n<p><span class=\"sp-nh-title\">Coronavirus: le CRA entreprend une s\u00e9rie de mesures pr\u00e9ventives<\/span> &#8211; <span class=\"sp-nh-date\">mardi 24 mars 2020 15:52<\/span><\/p>\n<p><span class=\"sp-nh-title\">Mesures de confinement total et partiel : les instructions du ministre de la Communication \u00e0 la presse nationale<\/span> &#8211; <span class=\"sp-nh-date\">mardi 24 mars 2020 15:38<\/span><\/p>\n<p><span class=\"sp-nh-title\">Le pr\u00e9sident Tebboune prend de nouvelles mesures pour renforcer le dispositif d\u00e9j\u00e0 en place<\/span> &#8211; <span class=\"sp-nh-date\">mardi 24 mars 2020 15:30<\/span><\/p>\n<p><span class=\"sp-nh-title\">Le Pr\u00e9sident Tebboune re\u00e7oit la mouture de l&rsquo;avant-projet sur les amendements de la Constitution \u00a0<\/span> &#8211; <span class=\"sp-nh-date\">mardi 24 mars 2020 15:12<\/span><\/p>\n<p><span class=\"sp-nh-title\">Assurances: approbation de l&rsquo;autorisation d&rsquo;exercice pour plusieurs courtiers \u00e9trangers<\/span> &#8211; <span class=\"sp-nh-date\">mardi 24 mars 2020 13:51<\/span><\/p>\n<p><span class=\"sp-nh-title\">Covid 19: L&rsquo;Alg\u00e9rie adopte un protocole th\u00e9rapeutique, la Chloroquine<\/span> &#8211; <span class=\"sp-nh-date\">mardi 24 mars 2020 13:36<\/span><\/p>\n<p><span class=\"sp-nh-title\">Coronavirus: P\u00e9nurie de semoule et farine en d\u00e9pit des stocks disponibles<\/span> &#8211; <span class=\"sp-nh-date\">mardi 24 mars 2020 13:25<\/span><\/p>\n<p><span class=\"sp-nh-title\">Coronavirus: Alg\u00e9rie T\u00e9l\u00e9com d\u00e9ment une coupure d&rsquo;internet en Alg\u00e9rie<\/span> &#8211; <span class=\"sp-nh-date\">mardi 24 mars 2020 13:10<\/span><\/p>\n<p><span class=\"sp-nh-title\">Vents forts et soul\u00e8vements de sable sur plusieurs wilayas du sud<\/span> &#8211; <span class=\"sp-nh-date\">mardi 24 mars 2020 13:02<\/span><\/p>\n<p><span class=\"sp-nh-title\">Coronavirus: Naftal proc\u00e8de \u00e0 la d\u00e9sinfection de ses installations<\/span> &#8211; <span class=\"sp-nh-date\">mardi 24 mars 2020 12:04<\/span><\/p>\n<p><span class=\"sp-nh-title\">F\u00e9d\u00e9ration alg\u00e9rienne: On soutient le report, pas l\u2019annulation des Paralympiques<\/span> &#8211; <span class=\"sp-nh-date\">mardi 24 mars 2020 11:50<\/span><\/p>\n<p><span class=\"sp-nh-title\">Coronavirus: bilan de l&rsquo;\u00e9pid\u00e9mie dans le monde lundi<\/span> &#8211; <span class=\"sp-nh-date\">mardi 24 mars 2020 11:19<\/span><\/p>\n<p>Auteur:<br \/>\n<a href=\"http:\/\/www.aps.dz\/regions\/103380-coronavirus-at-modifie-les-horaires-d-ouverture-de-ses-agences-a-blida-et-alger\">Cliquez ici pour lire l&rsquo;article depuis sa source.<\/a><\/p>\n","protected":false},"excerpt":{"rendered":"<p>Confinement total \u00e0 Blida : toutes les mesures prises pour couvrir les besoins des citoyens &#8211; mardi 24 mars 2020 19:00 Coronavirus : AT modifie les horaires d&rsquo;ouverture de ses agences\u00a0 \u00e0 Blida et Alger &#8211; mardi 24 mars 2020 18:45 La chambre de commerce et d\u2019industrie de Blida appelle \u00e0 des dons de produits [&hellip;]<\/p>\n","protected":false},"author":1790,"featured_media":0,"comment_status":"closed","ping_status":"closed","sticky":false,"template":"","format":"standard","meta":{"fifu_image_url":"","fifu_image_alt":"","footnotes":""},"categories":[53,76],"tags":[],"class_list":["post-80047","post","type-post","status-publish","format-standard","hentry","category-algerie","category-regions"],"_links":{"self":[{"href":"https:\/\/linitiative.ca\/International\/wp-json\/wp\/v2\/posts\/80047","targetHints":{"allow":["GET"]}}],"collection":[{"href":"https:\/\/linitiative.ca\/International\/wp-json\/wp\/v2\/posts"}],"about":[{"href":"https:\/\/linitiative.ca\/International\/wp-json\/wp\/v2\/types\/post"}],"author":[{"embeddable":true,"href":"https:\/\/linitiative.ca\/International\/wp-json\/wp\/v2\/users\/1790"}],"replies":[{"embeddable":true,"href":"https:\/\/linitiative.ca\/International\/wp-json\/wp\/v2\/comments?post=80047"}],"version-history":[{"count":0,"href":"https:\/\/linitiative.ca\/International\/wp-json\/wp\/v2\/posts\/80047\/revisions"}],"wp:attachment":[{"href":"https:\/\/linitiative.ca\/International\/wp-json\/wp\/v2\/media?parent=80047"}],"wp:term":[{"taxonomy":"category","embeddable":true,"href":"https:\/\/linitiative.ca\/International\/wp-json\/wp\/v2\/categories?post=80047"},{"taxonomy":"post_tag","embeddable":true,"href":"https:\/\/linitiative.ca\/International\/wp-json\/wp\/v2\/tags?post=80047"}],"curies":[{"name":"wp","href":"https:\/\/api.w.org\/{rel}","templated":true}]}}