{"id":80048,"date":"2020-03-24T14:00:26","date_gmt":"2020-03-24T18:00:26","guid":{"rendered":"https:\/\/linitiative.ca\/International\/confinement-total-a-blida-toutes-les-mesures-prises-pour-couvrir-les-besoins-des-citoyens\/"},"modified":"2020-03-24T14:00:26","modified_gmt":"2020-03-24T18:00:26","slug":"confinement-total-a-blida-toutes-les-mesures-prises-pour-couvrir-les-besoins-des-citoyens","status":"publish","type":"post","link":"https:\/\/linitiative.ca\/International\/confinement-total-a-blida-toutes-les-mesures-prises-pour-couvrir-les-besoins-des-citoyens\/","title":{"rendered":"Confinement total \u00e0 Blida : toutes les mesures prises pour couvrir les besoins des citoyens"},"content":{"rendered":"<div readability=\"38\">\n<p><strong>BLIDA &#8211; Les services de la wilaya de Blida ont annonc\u00e9 , mardi, la prise d\u2019une somme de mesures li\u00e9es au confinement total impos\u00e9 \u00e0 la wilaya, et portant sur la garantie de la disponibilit\u00e9 de tous les\u00a0besoins de base n\u00e9cessit\u00e9s par les citoyens, en vue d\u2019\u00e9viter toute perturbation.<\/strong><\/p>\n<\/div>\n<div readability=\"66.5\">\n<p>Selon un communiqu\u00e9 rendu public par les m\u00eames services, les mesures prises assurent notamment une couverture sanitaire aux citoyens, \u00e0 travers la p\u00e9rennit\u00e9 du fonctionnement des services de sant\u00e9 et de leur encadrement m\u00e9dical. Les personnels de sant\u00e9 b\u00e9n\u00e9ficient, \u00e0 ce titre, d\u2019autorisations\u00a0sp\u00e9ciales pour assurer leur pr\u00e9sence sur leur lieu de travail.<\/p>\n<p>Les m\u00eames mesures portent sur la continuit\u00e9 du service au niveau des pharmacies et des commerces d\u2019alimentation g\u00e9n\u00e9rale et des produits d\u2019hygi\u00e8ne, en pr\u00e9servant leur circuit de production et de distribution notamment.<\/p>\n<blockquote readability=\"14\">\n<p><em><strong>A cela s\u2019ajoute, l\u2019octroi d\u2019autorisations de transport de mati\u00e8res premi\u00e8res au profit des centres de production, dans le but de garantir l\u2019approvisionnement t du march\u00e9, et ce parall\u00e8lement au maintien\u00a0des points de vente ouverts, pour renforcer la vente directe des produits au niveau des quartiers et cit\u00e9s. Sachant que la mesure englobe tous les produits alimentaires de base, dont les fruits et l\u00e9gumes, lait et viandes.<\/strong><\/em><\/p>\n<\/blockquote>\n<p>Le communiqu\u00e9 souligne, en outre, que la sortie des citoyens hors de leur domicile est soumise \u00e0 \u00ab\u00a0une raison justifi\u00e9e\u00a0\u00bb, avec la condition que la sortie soit r\u00e9duite \u00e0 un seul membre de la famille pour les besoins quotidiens. La pr\u00e9sentation d\u2019une attestation de l\u2019\u00e9tat civil est pr\u00e9f\u00e9rable, dans le cas d\u2019un examen de la situation par les services concern\u00e9s, est-il signal\u00e9.<\/p>\n<p>Pour finir, le document estime que le respect des r\u00e8gles du confinement sanitaire est \u00ab\u00a0un indice du sens de la responsabilit\u00e9 et de la conscience des citoyens pour pr\u00e9server leur sante et leurs familles, un sens qui n\u2019est \u00e9tranger \u00e0 la soci\u00e9t\u00e9 blideenne\u00a0\u00bb, est-il indiqu\u00e9.<\/p>\n<\/div>\n<p>Auteur:<br \/>\n<a href=\"http:\/\/www.aps.dz\/regions\/103381-confinement-total-a-blida-toutes-les-mesures-prises-pour-couvrir-les-besoins-des-citoyens\">Cliquez ici pour lire l&rsquo;article depuis sa source.<\/a><\/p>\n","protected":false},"excerpt":{"rendered":"<p>BLIDA &#8211; Les services de la wilaya de Blida ont annonc\u00e9 , mardi, la prise d\u2019une somme de mesures li\u00e9es au confinement total impos\u00e9 \u00e0 la wilaya, et portant sur la garantie de la disponibilit\u00e9 de tous les\u00a0besoins de base n\u00e9cessit\u00e9s par les citoyens, en vue d\u2019\u00e9viter toute perturbation. Selon un communiqu\u00e9 rendu public par [&hellip;]<\/p>\n","protected":false},"author":1790,"featured_media":0,"comment_status":"closed","ping_status":"closed","sticky":false,"template":"","format":"standard","meta":{"fifu_image_url":"","fifu_image_alt":"","footnotes":""},"categories":[53,76],"tags":[],"class_list":["post-80048","post","type-post","status-publish","format-standard","hentry","category-algerie","category-regions"],"_links":{"self":[{"href":"https:\/\/linitiative.ca\/International\/wp-json\/wp\/v2\/posts\/80048","targetHints":{"allow":["GET"]}}],"collection":[{"href":"https:\/\/linitiative.ca\/International\/wp-json\/wp\/v2\/posts"}],"about":[{"href":"https:\/\/linitiative.ca\/International\/wp-json\/wp\/v2\/types\/post"}],"author":[{"embeddable":true,"href":"https:\/\/linitiative.ca\/International\/wp-json\/wp\/v2\/users\/1790"}],"replies":[{"embeddable":true,"href":"https:\/\/linitiative.ca\/International\/wp-json\/wp\/v2\/comments?post=80048"}],"version-history":[{"count":0,"href":"https:\/\/linitiative.ca\/International\/wp-json\/wp\/v2\/posts\/80048\/revisions"}],"wp:attachment":[{"href":"https:\/\/linitiative.ca\/International\/wp-json\/wp\/v2\/media?parent=80048"}],"wp:term":[{"taxonomy":"category","embeddable":true,"href":"https:\/\/linitiative.ca\/International\/wp-json\/wp\/v2\/categories?post=80048"},{"taxonomy":"post_tag","embeddable":true,"href":"https:\/\/linitiative.ca\/International\/wp-json\/wp\/v2\/tags?post=80048"}],"curies":[{"name":"wp","href":"https:\/\/api.w.org\/{rel}","templated":true}]}}