{"id":80050,"date":"2020-03-24T12:56:01","date_gmt":"2020-03-24T16:56:01","guid":{"rendered":"https:\/\/linitiative.ca\/International\/abdelkader-amara-dement-a-la-map-les-rumeurs-sur-son-etat-de-sante\/"},"modified":"2020-03-24T12:56:01","modified_gmt":"2020-03-24T16:56:01","slug":"abdelkader-amara-dement-a-la-map-les-rumeurs-sur-son-etat-de-sante","status":"publish","type":"post","link":"https:\/\/linitiative.ca\/International\/abdelkader-amara-dement-a-la-map-les-rumeurs-sur-son-etat-de-sante\/","title":{"rendered":"Abdelkader Amara d\u00e9ment \u00e0 la MAP les rumeurs sur son \u00e9tat de sant\u00e9"},"content":{"rendered":"<p>Le ministre de l\u2019\u00c9quipement, du transport, de la logistique et de l\u2019eau, Abdelkader Amara, a d\u00e9menti mardi \u00e0 la MAP les rumeurs sur son \u00e9tat de sant\u00e9 apr\u00e8s \u00eatre contamin\u00e9 par le Coronavirus il y a quelques jours.<\/p>\n<p>\u00ab\u00a0Je me porte tr\u00e8s bien. Je travaille normalement\u00a0\u00bb, a-t-il d\u00e9clar\u00e9 en r\u00e9ponse \u00e0 des all\u00e9gations qui circulent sur des r\u00e9seaux sociaux au sujet de la sant\u00e9 du ministre.<\/p>\n<p>Confin\u00e9 chez lui depuis son infection au Covid-19 annonc\u00e9e le 14 mars, M. Amara affirme poursuivre ses fonctions depuis son domicile o\u00f9 il se trouve toujours en quarantaine.<\/p>\n<p>Le ministre avait d\u00e9j\u00e0, dans une d\u00e9claration \u00e0 la MAP, rassur\u00e9 sur sa situation sanitaire en la qualifiant de \u00ab\u00a0normale et rassurante et en affirmant que les membres de sa famille se portent bien.<\/p>\n<p>Il avait aussi soulign\u00e9 \u00e0 quel point les pr\u00e9cautions sanitaires contre le virus demeurent essentielles, particuli\u00e8rement la mise en quarantaine, les r\u00e8gles d\u2019hygi\u00e8ne et le respect constant de la distance m\u00eame avec les plus proches.<\/p>\n<p>Apr\u00e8s avoir ressenti une fatigue anormale accompagn\u00e9e de maux de t\u00eate, le responsable minist\u00e9riel s\u2019\u00e9tait pr\u00e9sent\u00e9 aux services m\u00e9dicaux qui l\u2019ont soumis aux examens et analyses n\u00e9cessaires qui ont confirm\u00e9 son infection au Covid 19.<\/p>\n<p>\u00c9tant donn\u00e9 que les sympt\u00f4mes pr\u00e9sent\u00e9s par le ministre sont l\u00e9gers et ne suscitent aucune inqui\u00e9tude, le ministre demeure chez lui durant 14 jours et exerce ses missions habituelles par tous les moyens technologiques de travail \u00e0 distance.<\/p>\n<p>Auteur: Soufiane ELAHMAR<br \/>\n<a href=\"http:\/\/www.mapoujda.ma\/fr\/abdelkader-amara-dement-a-la-map-les-rumeurs-sur-son-etat-de-sante\/\">Cliquez ici pour lire l&rsquo;article depuis sa source.<\/a><\/p>\n","protected":false},"excerpt":{"rendered":"<p>Le ministre de l\u2019\u00c9quipement, du transport, de la logistique et de l\u2019eau, Abdelkader Amara, a d\u00e9menti mardi \u00e0 la MAP les rumeurs sur son \u00e9tat de sant\u00e9 apr\u00e8s \u00eatre contamin\u00e9 par le Coronavirus il y a quelques jours. \u00ab\u00a0Je me porte tr\u00e8s bien. Je travaille normalement\u00a0\u00bb, a-t-il d\u00e9clar\u00e9 en r\u00e9ponse \u00e0 des all\u00e9gations qui circulent [&hellip;]<\/p>\n","protected":false},"author":1788,"featured_media":0,"comment_status":"closed","ping_status":"closed","sticky":false,"template":"","format":"standard","meta":{"fifu_image_url":"","fifu_image_alt":"","footnotes":""},"categories":[54,76],"tags":[],"class_list":["post-80050","post","type-post","status-publish","format-standard","hentry","category-maroc","category-regions"],"_links":{"self":[{"href":"https:\/\/linitiative.ca\/International\/wp-json\/wp\/v2\/posts\/80050","targetHints":{"allow":["GET"]}}],"collection":[{"href":"https:\/\/linitiative.ca\/International\/wp-json\/wp\/v2\/posts"}],"about":[{"href":"https:\/\/linitiative.ca\/International\/wp-json\/wp\/v2\/types\/post"}],"author":[{"embeddable":true,"href":"https:\/\/linitiative.ca\/International\/wp-json\/wp\/v2\/users\/1788"}],"replies":[{"embeddable":true,"href":"https:\/\/linitiative.ca\/International\/wp-json\/wp\/v2\/comments?post=80050"}],"version-history":[{"count":0,"href":"https:\/\/linitiative.ca\/International\/wp-json\/wp\/v2\/posts\/80050\/revisions"}],"wp:attachment":[{"href":"https:\/\/linitiative.ca\/International\/wp-json\/wp\/v2\/media?parent=80050"}],"wp:term":[{"taxonomy":"category","embeddable":true,"href":"https:\/\/linitiative.ca\/International\/wp-json\/wp\/v2\/categories?post=80050"},{"taxonomy":"post_tag","embeddable":true,"href":"https:\/\/linitiative.ca\/International\/wp-json\/wp\/v2\/tags?post=80050"}],"curies":[{"name":"wp","href":"https:\/\/api.w.org\/{rel}","templated":true}]}}