{"id":80051,"date":"2020-03-24T13:34:20","date_gmt":"2020-03-24T17:34:20","guid":{"rendered":"https:\/\/linitiative.ca\/International\/covid-19-27-nouveaux-cas-confirmes-au-maroc-170-au-total\/"},"modified":"2020-03-24T13:34:20","modified_gmt":"2020-03-24T17:34:20","slug":"covid-19-27-nouveaux-cas-confirmes-au-maroc-170-au-total","status":"publish","type":"post","link":"https:\/\/linitiative.ca\/International\/covid-19-27-nouveaux-cas-confirmes-au-maroc-170-au-total\/","title":{"rendered":"Covid-19: 27 nouveaux cas confirm\u00e9s au Maroc, 170 au total"},"content":{"rendered":"<p class=\"c5\">Vingt-sept nouveaux cas d\u2019infection au nouveau coronavirus (Covid-19) ont \u00e9t\u00e9 confirm\u00e9s au Maroc dans les derni\u00e8res 24 heures, portant \u00e0 170 le nombre total de cas de contamination, a annonc\u00e9 mardi le directeur de l\u2019\u00e9pid\u00e9miologie et de la lutte contre les maladies au minist\u00e8re de la Sant\u00e9, Mohamed El Youbi.<\/p>\n<p class=\"c5\">Le nombre de d\u00e9c\u00e8s dus au virus s\u2019\u00e9l\u00e8ve \u00e0 cinq et celui des cas gu\u00e9ris \u00e0 six, a-t-il pr\u00e9cis\u00e9 dans une d\u00e9claration retransmise par la MAP sur sa chaine M24 et RIM RADIO, pr\u00e9cisant que jusqu\u2019\u00e0 pr\u00e9sent, 685 cas potentiels d\u2019infection au Covid-19 ont \u00e9t\u00e9 exclus suite \u00e0 des tests n\u00e9gatifs au laboratoire.<\/p>\n<p class=\"c5\">C\u00f4t\u00e9 r\u00e9partition g\u00e9ographique des cas, la r\u00e9gion de Casablanca-Settat a enregistr\u00e9 42 cas et la r\u00e9gion Rabat-Sal\u00e9-K\u00e9nitra 40 cas, suivies de F\u00e8s-Mekn\u00e8s (36 cas), Marrakech-Safi (22), Tanger-T\u00e9touan-El Hoceima (11), l\u2019Oriental(7), Beni Mellal-Kh\u00e9nifra (04), Souss-Massa-Draa (1 cas) et autant dans la r\u00e9gion de Guelmim-Oud Noun. Aucun cas de contamination n\u2019a \u00e9t\u00e9 d\u00e9tect\u00e9 \u00e0 ce jour dans les r\u00e9gions de Laayoune-Sakia-Hamra et Dakhla-Oud Eddahab.<\/p>\n<p class=\"c5\">Par villes, 41 cas confirm\u00e9s ont \u00e9t\u00e9 recens\u00e9s \u00e0 Casablanca, 23 \u00e0 Rabat, 22 \u00e0 Marrakech et autant \u00e0 Meknes, de m\u00eame que 14 cas \u00e0 F\u00e8s.<\/p>\n<p class=\"c5\">Il a fait observer \u00e0 cet \u00e9gard que sur les 22 cas enregistr\u00e9s \u00e0 Mekn\u00e8s, 15 reviennent \u00e0 un groupe de touristes qui provenait d\u2019un pays arabe \u00e0 bord d\u2019un seul avion.<\/p>\n<p class=\"c5\">A ce jour, le nombre de d\u00e9c\u00e8s dus au virus s\u2019\u00e9l\u00e8ve \u00e0 cinq, le dernier en date \u00e9tant une personne \u00e2g\u00e9e arriv\u00e9e des Pays-Bas (76 ans) qui a \u00e9t\u00e9 prise en charge lundi. Le patient, a-t-il ajout\u00e9, souffrait d\u2019une maladie grave dont le traitement diminue de fa\u00e7on significative les d\u00e9fenses immunitaires.<\/p>\n<p class=\"c5\">Le responsable a \u00e9galement fait \u00e9tat d\u2019un nouveau cas de gu\u00e9rison, une femme de 80 ans r\u00e9sidant \u00e0 Fkih Ben Saleh, ce qui porte \u00e0 six le nombre total des cas d\u00e9clar\u00e9s gu\u00e9ris.<\/p>\n<p class=\"c5\">Il a d\u2019autre part avanc\u00e9 que sur les 170 cas confirm\u00e9s jusqu\u2019ici, 97 cas sont import\u00e9s, soit une proportion de 57 %, et 73 cas concernent des contaminations locales.<\/p>\n<p class=\"c5\">Du point de vue de la gravit\u00e9 des cas, M. El Youbi a pr\u00e9cis\u00e9 que 85 % des cas sont jug\u00e9s b\u00e9nins alors que l\u2019\u00e9tat de gravit\u00e9 de 15 % est jug\u00e9 \u00ab\u00a0\u00e9volu\u00e9 \u00e0 grave\u00a0\u00bb.<\/p>\n<p class=\"c5\">Le directeur a en outre indiqu\u00e9 que 98 cas ont \u00e9t\u00e9 d\u00e9tect\u00e9s au cours de la semaine \u00e9coul\u00e9e, contre 37 cas recens\u00e9s pendant les deux premiers jours de la semaine en cours.<\/p>\n<p class=\"c5\">Abordant le suivi m\u00e9dical des personnes contacts, le directeur a r\u00e9v\u00e9l\u00e9 que sur un total de 2.878 plac\u00e9es sous surveillance, 2.158 sont toujours sous contr\u00f4le m\u00e9dical, tandis que 621 ont achev\u00e9 la p\u00e9riode de 14 jours. Parmi les contacts surveill\u00e9s, 32 cas d\u2019infection au virus ont \u00e9t\u00e9 confirm\u00e9s apr\u00e8s des analyses au laboratoire.<\/p>\n<p>Auteur: Soufiane ELAHMAR<br \/>\n<a href=\"http:\/\/www.mapoujda.ma\/fr\/covid-19-27-nouveaux-cas-confirmes-au-maroc-170-au-total\/\">Cliquez ici pour lire l&rsquo;article depuis sa source.<\/a><\/p>\n","protected":false},"excerpt":{"rendered":"<p>Vingt-sept nouveaux cas d\u2019infection au nouveau coronavirus (Covid-19) ont \u00e9t\u00e9 confirm\u00e9s au Maroc dans les derni\u00e8res 24 heures, portant \u00e0 170 le nombre total de cas de contamination, a annonc\u00e9 mardi le directeur de l\u2019\u00e9pid\u00e9miologie et de la lutte contre les maladies au minist\u00e8re de la Sant\u00e9, Mohamed El Youbi. Le nombre de d\u00e9c\u00e8s dus [&hellip;]<\/p>\n","protected":false},"author":1788,"featured_media":0,"comment_status":"closed","ping_status":"closed","sticky":false,"template":"","format":"standard","meta":{"fifu_image_url":"","fifu_image_alt":"","footnotes":""},"categories":[54,76],"tags":[],"class_list":["post-80051","post","type-post","status-publish","format-standard","hentry","category-maroc","category-regions"],"_links":{"self":[{"href":"https:\/\/linitiative.ca\/International\/wp-json\/wp\/v2\/posts\/80051","targetHints":{"allow":["GET"]}}],"collection":[{"href":"https:\/\/linitiative.ca\/International\/wp-json\/wp\/v2\/posts"}],"about":[{"href":"https:\/\/linitiative.ca\/International\/wp-json\/wp\/v2\/types\/post"}],"author":[{"embeddable":true,"href":"https:\/\/linitiative.ca\/International\/wp-json\/wp\/v2\/users\/1788"}],"replies":[{"embeddable":true,"href":"https:\/\/linitiative.ca\/International\/wp-json\/wp\/v2\/comments?post=80051"}],"version-history":[{"count":0,"href":"https:\/\/linitiative.ca\/International\/wp-json\/wp\/v2\/posts\/80051\/revisions"}],"wp:attachment":[{"href":"https:\/\/linitiative.ca\/International\/wp-json\/wp\/v2\/media?parent=80051"}],"wp:term":[{"taxonomy":"category","embeddable":true,"href":"https:\/\/linitiative.ca\/International\/wp-json\/wp\/v2\/categories?post=80051"},{"taxonomy":"post_tag","embeddable":true,"href":"https:\/\/linitiative.ca\/International\/wp-json\/wp\/v2\/tags?post=80051"}],"curies":[{"name":"wp","href":"https:\/\/api.w.org\/{rel}","templated":true}]}}