{"id":80052,"date":"2020-03-24T15:14:04","date_gmt":"2020-03-24T19:14:04","guid":{"rendered":"https:\/\/linitiative.ca\/International\/divers-jo-ledition-2020-est-reportee-off\/"},"modified":"2020-03-24T15:14:04","modified_gmt":"2020-03-24T19:14:04","slug":"divers-jo-ledition-2020-est-reportee-off","status":"publish","type":"post","link":"https:\/\/linitiative.ca\/International\/divers-jo-ledition-2020-est-reportee-off\/","title":{"rendered":"Divers : JO: l&rsquo;\u00e9dition 2020 est report\u00e9e ! (off.)"},"content":{"rendered":"<div readability=\"32\">\n<p>Auteur : <span class=\"time\">mardi 24 mars 2020 17:18<\/span><\/p>\n<\/div>\n<div id=\"post_core\" readability=\"43\">\n<p>Comme l&rsquo;Euro, les Jeux Olympiques de Tokyo 2020 ne se tiendront pas l&rsquo;\u00e9t\u00e9 prochain. Initialement programm\u00e9s du 24 juillet au 9 ao\u00fbt, les JO ont \u00e9t\u00e9 report\u00e9s \u00ab\u00a0au plus tard \u00e0 l&rsquo;\u00e9t\u00e9 2021\u00a0\u00bb en raison de l&rsquo;\u00e9pid\u00e9mie de coronavirus, a annonc\u00e9 ce mardi le Comit\u00e9 international olympique (CIO): \u00ab\u00a0Dans les circonstances actuelles et sur la base des informations fournies par l&rsquo;OMS aujourd&rsquo;hui, le pr\u00e9sident du CIO et le Premier ministre du Japon ont conclu que les Jeux de la XXXIIe Olympiade \u00e0 Tokyo doivent \u00eatre report\u00e9s \u00e0 une date post\u00e9rieure \u00e0 2020 mais au plus tard \u00e0 l&rsquo;\u00e9t\u00e9 2021, pour prot\u00e9ger la sant\u00e9 des athl\u00e8tes, de toutes les personnes impliqu\u00e9es dans les Jeux Olympiques et de la communaut\u00e9 internationale\u00a0\u00bb, annonce un communiqu\u00e9.\u00a0 Le tournoi olympique de football n&rsquo;aura donc pas lieu. Si tous les amoureux de sport seront d\u00e9\u00e7us, il s&rsquo;agit en revanche d&rsquo;une bonne nouvelle pour le Paris Saint-Germain qui ne souhaitait pas voir ses stars Neymar et Kylian Mbapp\u00e9 y participer rapporte Maxifoot.fr.<\/p>\n<p><strong>Publi\u00e9 dans :<\/strong> <span>JO 2020<\/span><\/p>\n<\/div>\n<p>Auteur:<br \/>\n<a href=\"http:\/\/www.lebuteur.com\/article\/detail?titre=jo-ledition-2020-est-reportee-off&#038;id=95415&#038;utm_source=feedburner&#038;utm_medium=feed&#038;utm_campaign=Feed%3A+GalerieFArtciles+%28Les+derniers+articles++-+lebuteur.com%29\">Cliquez ici pour lire l&rsquo;article depuis sa source.<\/a><\/p>\n","protected":false},"excerpt":{"rendered":"<p>Auteur : mardi 24 mars 2020 17:18 Comme l&rsquo;Euro, les Jeux Olympiques de Tokyo 2020 ne se tiendront pas l&rsquo;\u00e9t\u00e9 prochain. Initialement programm\u00e9s du 24 juillet au 9 ao\u00fbt, les JO ont \u00e9t\u00e9 report\u00e9s \u00ab\u00a0au plus tard \u00e0 l&rsquo;\u00e9t\u00e9 2021\u00a0\u00bb en raison de l&rsquo;\u00e9pid\u00e9mie de coronavirus, a annonc\u00e9 ce mardi le Comit\u00e9 international olympique (CIO): [&hellip;]<\/p>\n","protected":false},"author":1738,"featured_media":80053,"comment_status":"closed","ping_status":"closed","sticky":false,"template":"","format":"standard","meta":{"fifu_image_url":"","fifu_image_alt":"","footnotes":""},"categories":[53,75],"tags":[],"class_list":["post-80052","post","type-post","status-publish","format-standard","has-post-thumbnail","hentry","category-algerie","category-sport"],"_links":{"self":[{"href":"https:\/\/linitiative.ca\/International\/wp-json\/wp\/v2\/posts\/80052","targetHints":{"allow":["GET"]}}],"collection":[{"href":"https:\/\/linitiative.ca\/International\/wp-json\/wp\/v2\/posts"}],"about":[{"href":"https:\/\/linitiative.ca\/International\/wp-json\/wp\/v2\/types\/post"}],"author":[{"embeddable":true,"href":"https:\/\/linitiative.ca\/International\/wp-json\/wp\/v2\/users\/1738"}],"replies":[{"embeddable":true,"href":"https:\/\/linitiative.ca\/International\/wp-json\/wp\/v2\/comments?post=80052"}],"version-history":[{"count":0,"href":"https:\/\/linitiative.ca\/International\/wp-json\/wp\/v2\/posts\/80052\/revisions"}],"wp:featuredmedia":[{"embeddable":true,"href":"https:\/\/linitiative.ca\/International\/wp-json\/"}],"wp:attachment":[{"href":"https:\/\/linitiative.ca\/International\/wp-json\/wp\/v2\/media?parent=80052"}],"wp:term":[{"taxonomy":"category","embeddable":true,"href":"https:\/\/linitiative.ca\/International\/wp-json\/wp\/v2\/categories?post=80052"},{"taxonomy":"post_tag","embeddable":true,"href":"https:\/\/linitiative.ca\/International\/wp-json\/wp\/v2\/tags?post=80052"}],"curies":[{"name":"wp","href":"https:\/\/api.w.org\/{rel}","templated":true}]}}