{"id":80054,"date":"2020-03-24T15:14:07","date_gmt":"2020-03-24T19:14:07","guid":{"rendered":"https:\/\/linitiative.ca\/International\/equipe-dalgerie-mehdi-abeid-faites-attention-et-restez-bien-chez-vous\/"},"modified":"2020-03-24T15:14:07","modified_gmt":"2020-03-24T19:14:07","slug":"equipe-dalgerie-mehdi-abeid-faites-attention-et-restez-bien-chez-vous","status":"publish","type":"post","link":"https:\/\/linitiative.ca\/International\/equipe-dalgerie-mehdi-abeid-faites-attention-et-restez-bien-chez-vous\/","title":{"rendered":"Equipe d&rsquo;Alg\u00e9rie : Mehdi Abeid: \u00abFaites attention, et restez bien chez vous\u00bb"},"content":{"rendered":"<div readability=\"32\">\n<p>Auteur : <span>Riad O.<\/span> <span class=\"time\">mardi 24 mars 2020 17:34<\/span><\/p>\n<\/div>\n<div id=\"post_core\" readability=\"57\">\n<p>Le joueur milieu de terrain Alg\u00e9rien du FC Nantes, Mehdi Abeid a adress\u00e9 une vid\u00e9o \u00e0 sur les r\u00e9seaux sociaux pour \u00e9voquer le sujet du moment \u00e0 savoir la pand\u00e9mie du coronavirus. Mehdi Abeid en a profit\u00e9 pour rappeler les r\u00e8gles et consignes \u00e0 tenir pour se prot\u00e9ger du Coronavirus: \u00abBonjour \u00e0 tous, c\u2019est Mehdi Abeid. Je tenais \u00e0 vous envoyer ce petit message, par rapport au coronavirus. Voila, on sait qu\u2019il s\u2019est propag\u00e9 tr\u00e8s rapidement dans le monde, et qu\u2019il a fait beaucoup de mal.\u00bb a-t-il d\u00e9clar\u00e9, avant d\u2019ajouter\u00a0:\u00a0\u00abEssayez au maximum d\u2019\u00e9viter tout contact avec d\u2019autres personnes. Essayez de rester chez vous et de faire attention \u00e0 vos proches. Lavez-vous bien les mains.\u00bb<\/p>\n<p><strong>\u00abTous ensembles, on y arrivera\u00bb<\/strong><\/p>\n<p>Le joueur milieu de terrain Alg\u00e9rien du FC Nantes a reconnu que c\u2019est le moment d\u2019\u00eatre solidaire pour vaincre cette \u00e9pid\u00e9mie. Il a aussi appel\u00e9 tout le monde \u00e0 rester \u00e0 la maison pour \u00e9viter la propagation de ce virus:\u00a0\u00abJe pense que c\u2019est le moment, plus que jamais, d\u2019\u00eatre solidaire. Pensez \u00e0 tous ces aides soignants et \u00e0 tous ces docteurs qui risquent tous les jours leurs vies pour nous. \u00c0 toutes ces personnes qui ont perdu la vie. Donc, voila. Faites attention, et restez bien chez vous. On sait que c\u2019est une p\u00e9riode difficile. Mais, tous ensembles, on y arrivera. Bonne chance \u00e0 tous et puis prot\u00e9gez vous et prot\u00e9gez vos familles.\u00bb<\/p>\n<p><strong>Publi\u00e9 dans :<\/strong> <span>mehdi abeid<\/span><\/p>\n<\/div>\n<p>Auteur:<br \/>\n<a href=\"http:\/\/www.lebuteur.com\/article\/detail?titre=mehdi-abeid-faites-attention-et-restez-bien-chez-vous&#038;id=95416&#038;utm_source=feedburner&#038;utm_medium=feed&#038;utm_campaign=Feed%3A+GalerieFArtciles+%28Les+derniers+articles++-+lebuteur.com%29\">Cliquez ici pour lire l&rsquo;article depuis sa source.<\/a><\/p>\n","protected":false},"excerpt":{"rendered":"<p>Auteur : Riad O. mardi 24 mars 2020 17:34 Le joueur milieu de terrain Alg\u00e9rien du FC Nantes, Mehdi Abeid a adress\u00e9 une vid\u00e9o \u00e0 sur les r\u00e9seaux sociaux pour \u00e9voquer le sujet du moment \u00e0 savoir la pand\u00e9mie du coronavirus. Mehdi Abeid en a profit\u00e9 pour rappeler les r\u00e8gles et consignes \u00e0 tenir pour [&hellip;]<\/p>\n","protected":false},"author":1738,"featured_media":80055,"comment_status":"closed","ping_status":"closed","sticky":false,"template":"","format":"standard","meta":{"fifu_image_url":"","fifu_image_alt":"","footnotes":""},"categories":[53,75],"tags":[],"class_list":["post-80054","post","type-post","status-publish","format-standard","has-post-thumbnail","hentry","category-algerie","category-sport"],"_links":{"self":[{"href":"https:\/\/linitiative.ca\/International\/wp-json\/wp\/v2\/posts\/80054","targetHints":{"allow":["GET"]}}],"collection":[{"href":"https:\/\/linitiative.ca\/International\/wp-json\/wp\/v2\/posts"}],"about":[{"href":"https:\/\/linitiative.ca\/International\/wp-json\/wp\/v2\/types\/post"}],"author":[{"embeddable":true,"href":"https:\/\/linitiative.ca\/International\/wp-json\/wp\/v2\/users\/1738"}],"replies":[{"embeddable":true,"href":"https:\/\/linitiative.ca\/International\/wp-json\/wp\/v2\/comments?post=80054"}],"version-history":[{"count":0,"href":"https:\/\/linitiative.ca\/International\/wp-json\/wp\/v2\/posts\/80054\/revisions"}],"wp:featuredmedia":[{"embeddable":true,"href":"https:\/\/linitiative.ca\/International\/wp-json\/"}],"wp:attachment":[{"href":"https:\/\/linitiative.ca\/International\/wp-json\/wp\/v2\/media?parent=80054"}],"wp:term":[{"taxonomy":"category","embeddable":true,"href":"https:\/\/linitiative.ca\/International\/wp-json\/wp\/v2\/categories?post=80054"},{"taxonomy":"post_tag","embeddable":true,"href":"https:\/\/linitiative.ca\/International\/wp-json\/wp\/v2\/tags?post=80054"}],"curies":[{"name":"wp","href":"https:\/\/api.w.org\/{rel}","templated":true}]}}