{"id":80058,"date":"2020-03-24T15:14:14","date_gmt":"2020-03-24T19:14:14","guid":{"rendered":"https:\/\/linitiative.ca\/International\/international-le-message-de-soutien-de-feghouli-a-fatih-terim\/"},"modified":"2020-03-24T15:14:14","modified_gmt":"2020-03-24T19:14:14","slug":"international-le-message-de-soutien-de-feghouli-a-fatih-terim","status":"publish","type":"post","link":"https:\/\/linitiative.ca\/International\/international-le-message-de-soutien-de-feghouli-a-fatih-terim\/","title":{"rendered":"International : Le message de soutien de Feghouli \u00e0 Fatih Terim"},"content":{"rendered":"<div readability=\"32\">\n<p>Auteur : <span>Riad O.<\/span> <span class=\"time\">mardi 24 mars 2020 17:37<\/span><\/p>\n<\/div>\n<div id=\"post_core\" readability=\"48\">\n<p>Le Coronavirus continue de frapper aussi le football. Apr\u00e8s de nombreux cas r\u00e9v\u00e9l\u00e9s ces derniers jours\u00a0 comme pour l\u2019entra\u00eeneur espagnol d\u2019Arsenal, Arteta, le joueur milieu de terrain fran\u00e7ais de la Juventus, Matuidi ou encore la star argentine de la Juve, Dybala, c\u2019est d\u00e9sormais au tour de l\u2019entra\u00eeneur du Galatasaray, Fatih Terim d\u2019\u00eatre test\u00e9 positif au Covid-19. Le technicien turc a tenu \u00e0 rassurer les fans: \u00abNe vous inqui\u00e9tez pas, je suis entre de bonnes mains.\u00bb a-t-il indiqu\u00e9 sur les r\u00e9seaux sociaux. Pour sa part, le joueur Alg\u00e9rien du Galatasaray, Sofiane Feghouli a tenu \u00e0 soutenir son coach dans sa douloureuse \u00e9preuve\u00a0:\u00a0\u00abVous surmonterez cette difficult\u00e9, coach Fatih Terim. Soyez fort et d\u00e9termin\u00e9, comme vous l\u2019avez toujours \u00e9t\u00e9 ! Je souhaite qu&rsquo;Allah vous donne une gu\u00e9rison imm\u00e9diate.\u00bb a-t-il post\u00e9 sur les r\u00e9seaux sociaux.<\/p>\n<p><strong>Publi\u00e9 dans :<\/strong> <span>Fatih Terim<\/span><\/p>\n<\/div>\n<p>Auteur:<br \/>\n<a href=\"http:\/\/www.lebuteur.com\/article\/detail?titre=le-message-de-soutien-de-feghouli-a-fatih-terim&#038;id=95418&#038;utm_source=feedburner&#038;utm_medium=feed&#038;utm_campaign=Feed%3A+GalerieFArtciles+%28Les+derniers+articles++-+lebuteur.com%29\">Cliquez ici pour lire l&rsquo;article depuis sa source.<\/a><\/p>\n","protected":false},"excerpt":{"rendered":"<p>Auteur : Riad O. mardi 24 mars 2020 17:37 Le Coronavirus continue de frapper aussi le football. Apr\u00e8s de nombreux cas r\u00e9v\u00e9l\u00e9s ces derniers jours\u00a0 comme pour l\u2019entra\u00eeneur espagnol d\u2019Arsenal, Arteta, le joueur milieu de terrain fran\u00e7ais de la Juventus, Matuidi ou encore la star argentine de la Juve, Dybala, c\u2019est d\u00e9sormais au tour de [&hellip;]<\/p>\n","protected":false},"author":1738,"featured_media":80059,"comment_status":"closed","ping_status":"closed","sticky":false,"template":"","format":"standard","meta":{"fifu_image_url":"","fifu_image_alt":"","footnotes":""},"categories":[53,75],"tags":[],"class_list":["post-80058","post","type-post","status-publish","format-standard","has-post-thumbnail","hentry","category-algerie","category-sport"],"_links":{"self":[{"href":"https:\/\/linitiative.ca\/International\/wp-json\/wp\/v2\/posts\/80058","targetHints":{"allow":["GET"]}}],"collection":[{"href":"https:\/\/linitiative.ca\/International\/wp-json\/wp\/v2\/posts"}],"about":[{"href":"https:\/\/linitiative.ca\/International\/wp-json\/wp\/v2\/types\/post"}],"author":[{"embeddable":true,"href":"https:\/\/linitiative.ca\/International\/wp-json\/wp\/v2\/users\/1738"}],"replies":[{"embeddable":true,"href":"https:\/\/linitiative.ca\/International\/wp-json\/wp\/v2\/comments?post=80058"}],"version-history":[{"count":0,"href":"https:\/\/linitiative.ca\/International\/wp-json\/wp\/v2\/posts\/80058\/revisions"}],"wp:featuredmedia":[{"embeddable":true,"href":"https:\/\/linitiative.ca\/International\/wp-json\/"}],"wp:attachment":[{"href":"https:\/\/linitiative.ca\/International\/wp-json\/wp\/v2\/media?parent=80058"}],"wp:term":[{"taxonomy":"category","embeddable":true,"href":"https:\/\/linitiative.ca\/International\/wp-json\/wp\/v2\/categories?post=80058"},{"taxonomy":"post_tag","embeddable":true,"href":"https:\/\/linitiative.ca\/International\/wp-json\/wp\/v2\/tags?post=80058"}],"curies":[{"name":"wp","href":"https:\/\/api.w.org\/{rel}","templated":true}]}}