{"id":80060,"date":"2020-03-24T15:14:18","date_gmt":"2020-03-24T19:14:18","guid":{"rendered":"https:\/\/linitiative.ca\/International\/autres-sports-le-japon-va-perdre-tres-gros-avec-le-report-des-jeux-olympiques\/"},"modified":"2020-03-24T15:14:18","modified_gmt":"2020-03-24T19:14:18","slug":"autres-sports-le-japon-va-perdre-tres-gros-avec-le-report-des-jeux-olympiques","status":"publish","type":"post","link":"https:\/\/linitiative.ca\/International\/autres-sports-le-japon-va-perdre-tres-gros-avec-le-report-des-jeux-olympiques\/","title":{"rendered":"Autres sports : Le Japon va perdre tr\u00e8s gros avec le report des Jeux Olympiques"},"content":{"rendered":"<div readability=\"32\">\n<p>Auteur : <span class=\"time\">mardi 24 mars 2020 19:24<\/span><\/p>\n<\/div>\n<div id=\"post_core\" readability=\"46\">\n<p>M\u00eame si la question n&rsquo;a, selon le\u00a0Comit\u00e9 international olympique, pas \u00e9t\u00e9 abord\u00e9e avec les dirigeants japonais dans les heures qui ont pr\u00e9c\u00e9d\u00e9 l&rsquo;officialisation de la nouvelle. Selon Katsuhiro Miyamoto, un professeur en \u00e9conomie du sport \u00e0 l\u2019universit\u00e9 de Kansai, cette d\u00e9cision pourrait co\u00fbter au pays organisateur jusqu&rsquo;\u00e0 5,8 milliards de dollars (soit 5,35 milliards d&rsquo;euros) comme le rapporte Sport24. Rapport\u00e9s au co\u00fbt global des JO, environ 1,350 milliards de yens (soit 11,5 milliards d&rsquo;euros sans compter les frais tr\u00e8s \u00e9lev\u00e9s li\u00e9s au d\u00e9placement du marathon et les \u00e9preuves de marche vers le nord, \u00e0 Sapporo), le choc risque d&rsquo;\u00eatre lourd \u00e0 encaisser pour les organisateurs.<\/p>\n<p><strong>Publi\u00e9 dans :<\/strong> <span>Japon<\/span><\/p>\n<\/div>\n<p>Auteur:<br \/>\n<a href=\"http:\/\/www.lebuteur.com\/article\/detail?titre=le-japon-va-perdre-tres-gros-avec-le-report-des-jeux-olympiques&#038;id=95419&#038;utm_source=feedburner&#038;utm_medium=feed&#038;utm_campaign=Feed%3A+GalerieFArtciles+%28Les+derniers+articles++-+lebuteur.com%29\">Cliquez ici pour lire l&rsquo;article depuis sa source.<\/a><\/p>\n","protected":false},"excerpt":{"rendered":"<p>Auteur : mardi 24 mars 2020 19:24 M\u00eame si la question n&rsquo;a, selon le\u00a0Comit\u00e9 international olympique, pas \u00e9t\u00e9 abord\u00e9e avec les dirigeants japonais dans les heures qui ont pr\u00e9c\u00e9d\u00e9 l&rsquo;officialisation de la nouvelle. Selon Katsuhiro Miyamoto, un professeur en \u00e9conomie du sport \u00e0 l\u2019universit\u00e9 de Kansai, cette d\u00e9cision pourrait co\u00fbter au pays organisateur jusqu&rsquo;\u00e0 5,8 [&hellip;]<\/p>\n","protected":false},"author":1738,"featured_media":80061,"comment_status":"closed","ping_status":"closed","sticky":false,"template":"","format":"standard","meta":{"fifu_image_url":"","fifu_image_alt":"","footnotes":""},"categories":[53,75],"tags":[],"class_list":["post-80060","post","type-post","status-publish","format-standard","has-post-thumbnail","hentry","category-algerie","category-sport"],"_links":{"self":[{"href":"https:\/\/linitiative.ca\/International\/wp-json\/wp\/v2\/posts\/80060","targetHints":{"allow":["GET"]}}],"collection":[{"href":"https:\/\/linitiative.ca\/International\/wp-json\/wp\/v2\/posts"}],"about":[{"href":"https:\/\/linitiative.ca\/International\/wp-json\/wp\/v2\/types\/post"}],"author":[{"embeddable":true,"href":"https:\/\/linitiative.ca\/International\/wp-json\/wp\/v2\/users\/1738"}],"replies":[{"embeddable":true,"href":"https:\/\/linitiative.ca\/International\/wp-json\/wp\/v2\/comments?post=80060"}],"version-history":[{"count":0,"href":"https:\/\/linitiative.ca\/International\/wp-json\/wp\/v2\/posts\/80060\/revisions"}],"wp:featuredmedia":[{"embeddable":true,"href":"https:\/\/linitiative.ca\/International\/wp-json\/"}],"wp:attachment":[{"href":"https:\/\/linitiative.ca\/International\/wp-json\/wp\/v2\/media?parent=80060"}],"wp:term":[{"taxonomy":"category","embeddable":true,"href":"https:\/\/linitiative.ca\/International\/wp-json\/wp\/v2\/categories?post=80060"},{"taxonomy":"post_tag","embeddable":true,"href":"https:\/\/linitiative.ca\/International\/wp-json\/wp\/v2\/tags?post=80060"}],"curies":[{"name":"wp","href":"https:\/\/api.w.org\/{rel}","templated":true}]}}