{"id":80063,"date":"2020-03-24T15:19:03","date_gmt":"2020-03-24T19:19:03","guid":{"rendered":"https:\/\/linitiative.ca\/International\/agrodiv-production-de-90-000-quintaux-jour-de-semoule-et-de-farine\/"},"modified":"2020-03-24T15:19:03","modified_gmt":"2020-03-24T19:19:03","slug":"agrodiv-production-de-90-000-quintaux-jour-de-semoule-et-de-farine","status":"publish","type":"post","link":"https:\/\/linitiative.ca\/International\/agrodiv-production-de-90-000-quintaux-jour-de-semoule-et-de-farine\/","title":{"rendered":"Agrodiv :  Production de 90.000 quintaux\/jour  de semoule et de farine"},"content":{"rendered":"<p>M. Adiche a affirm\u00e9 que les quantit\u00e9s produites au quotidien pour satisfaire la demande des citoyens et des d\u00e9taillants, sont distribu\u00e9es \u00e0250 points de vente et d\u00e9p\u00f4ts de stockage, r\u00e9partis \u00e0 travers plusieurs wilayas du territoire national.<\/p>\n<p>La production du groupe repr\u00e9sente 20% de part du march\u00e9 c\u00e9r\u00e9alier, \u00e0 travers laquelle il contribue \u00e0 la r\u00e9gulation du march\u00e9 et la stabilisation des prix, a-t-il poursuivi.\u00a0\u00a0<\/p>\n<p>Pour M. Adiche, \u00abil n\u2019y a aucune p\u00e9nurie dans l\u2019approvisionnement en ces deux denr\u00e9es, mais plut\u00f4t une surconsommation et un approvisionnement rapide de la part des citoyens pour stocker ce produit de peur des retomb\u00e9es de la propagation de la pand\u00e9mie du Covid-19\u00bb. Les capacit\u00e9s de production du groupe sont estim\u00e9es \u00e0 52.300 quintaux\/jour de bl\u00e9 dur (semoule) et 55.000 quintaux\/jour de bl\u00e9 tendre (farine) assur\u00e9s par les 29 minoteries du groupe. Le groupe exploite actuellement 70% de ses capacit\u00e9s de production en ce qui concerne le bl\u00e9 dur, avec une production effective estim\u00e9e \u00e0 35.000 quintaux\/jour, contre une exploitation \u00e0 100% de ses capacit\u00e9s de production de bl\u00e9 tendre.<\/p>\n<p>A ce propos, M. Addiche a fait savoir que l\u2019OAIC \u00abne fournit pas au Groupe toute la mati\u00e8re premi\u00e8re qu\u2019il est capable de transformer en semoule, ce qui a pouss\u00e9 l\u2019administration du groupe \u00e0 formuler une demande aupr\u00e8s de l\u2019Office afin d\u2019augmenter les quantit\u00e9s pour atteindre ainsi un taux de production de 100%\u00bb.<\/p>\n<p>Le m\u00eame responsable a appel\u00e9 les citoyens \u00e0 la rationalisation de leur consommation, d&rsquo;autant que \u00able produit demeurera disponible sur le march\u00e9\u00bb, pr\u00e9cisant dans ce sens que le l\u2019Office assure d\u2019importantes quantit\u00e9s de semoule destin\u00e9es directementaux consommateurs. \u00abTout un chacun doit assumer son r\u00f4le jusqu\u2019\u00e0 la fin de cette p\u00e9riode\u00bb, a-t-il insist\u00e9.<\/p>\n<p>M. Addiche, a salu\u00e9, par la m\u00eame occasion, les efforts des Pouvoirs publics qui veillent \u00e0 assurer le bon d\u00e9roulement des op\u00e9rations de vente \u00e0 travers les points du Groupe afin d\u2019\u00e9viter la propagation du Covid-19, d\u2019une part, et les altercations entre les clients d\u2019une autre part.<\/p>\n<p>Par ailleurs, le Groupe a mobilis\u00e9, poursuit-il, tous ses effectifs pour faire face \u00e0 cette demande, au vu des conditions difficiles que conna\u00eet le pays, outre la garantie des moyens de pr\u00e9vention devant les prot\u00e9ger contre une \u00e9ventuelle contamination.<\/p>\n<p>A une question sur les mandataires et le ph\u00e9nom\u00e8ne de monopole, M. Addiche a rassur\u00e9 que le Groupe avait d\u00e9cid\u00e9 de saisir les grossistes afin d\u2019obtenir leurs coordonn\u00e9es dans le but de cr\u00e9er une plateforme informatique permettant d\u2019organiser les op\u00e9rations de contr\u00f4le et de tra\u00e7age du produit.<\/p>\n<p>\u00abIl est imp\u00e9ratif de prendre des mesures dissuasives, en sanctionnant les mandataires et les sp\u00e9culateurs pour mettre un terme \u00e0 ces pratiques notamment en cette conjoncture\u00bb, a-t-il soulign\u00e9.\u00a0<\/p>\n<p>Auteur: elmoudjahid<br \/>\n<a href=\"http:\/\/www.elmoudjahid.com\/fr\/actualites\/150335\">Cliquez ici pour lire l&rsquo;article depuis sa source.<\/a><\/p>\n","protected":false},"excerpt":{"rendered":"<p>M. Adiche a affirm\u00e9 que les quantit\u00e9s produites au quotidien pour satisfaire la demande des citoyens et des d\u00e9taillants, sont distribu\u00e9es \u00e0250 points de vente et d\u00e9p\u00f4ts de stockage, r\u00e9partis \u00e0 travers plusieurs wilayas du territoire national. La production du groupe repr\u00e9sente 20% de part du march\u00e9 c\u00e9r\u00e9alier, \u00e0 travers laquelle il contribue \u00e0 la [&hellip;]<\/p>\n","protected":false},"author":1744,"featured_media":0,"comment_status":"closed","ping_status":"closed","sticky":false,"template":"","format":"standard","meta":{"fifu_image_url":"","fifu_image_alt":"","footnotes":""},"categories":[73,53],"tags":[],"class_list":["post-80063","post","type-post","status-publish","format-standard","hentry","category-actualite","category-algerie"],"_links":{"self":[{"href":"https:\/\/linitiative.ca\/International\/wp-json\/wp\/v2\/posts\/80063","targetHints":{"allow":["GET"]}}],"collection":[{"href":"https:\/\/linitiative.ca\/International\/wp-json\/wp\/v2\/posts"}],"about":[{"href":"https:\/\/linitiative.ca\/International\/wp-json\/wp\/v2\/types\/post"}],"author":[{"embeddable":true,"href":"https:\/\/linitiative.ca\/International\/wp-json\/wp\/v2\/users\/1744"}],"replies":[{"embeddable":true,"href":"https:\/\/linitiative.ca\/International\/wp-json\/wp\/v2\/comments?post=80063"}],"version-history":[{"count":0,"href":"https:\/\/linitiative.ca\/International\/wp-json\/wp\/v2\/posts\/80063\/revisions"}],"wp:attachment":[{"href":"https:\/\/linitiative.ca\/International\/wp-json\/wp\/v2\/media?parent=80063"}],"wp:term":[{"taxonomy":"category","embeddable":true,"href":"https:\/\/linitiative.ca\/International\/wp-json\/wp\/v2\/categories?post=80063"},{"taxonomy":"post_tag","embeddable":true,"href":"https:\/\/linitiative.ca\/International\/wp-json\/wp\/v2\/tags?post=80063"}],"curies":[{"name":"wp","href":"https:\/\/api.w.org\/{rel}","templated":true}]}}