{"id":80064,"date":"2020-03-24T15:19:06","date_gmt":"2020-03-24T19:19:06","guid":{"rendered":"https:\/\/linitiative.ca\/International\/mascara-saisie-de-6-quintaux-de-viandes\/"},"modified":"2020-03-24T15:19:06","modified_gmt":"2020-03-24T19:19:06","slug":"mascara-saisie-de-6-quintaux-de-viandes","status":"publish","type":"post","link":"https:\/\/linitiative.ca\/International\/mascara-saisie-de-6-quintaux-de-viandes\/","title":{"rendered":"Mascara :  Saisie de 6 quintaux de viandes"},"content":{"rendered":"<div class=\"TxArtcile\" readability=\"28\">\n<p>\u00a0Ainsi, les services de la S\u00fbret\u00e9 de da\u00efra de Zahana oint r\u00e9ussi, lors d\u2019un contr\u00f4le en coordination avec les services du commerce, ont\u00a0 saisis une quantit\u00e9 de pr\u00e8s de 3 quintaux et 96 kg de viandes blanches, ainsi que 30 kg d\u2019abats de poulets, pour lesquels il s\u2019est av\u00e9r\u00e9 que le commer\u00e7ant ne d\u00e9tenait pas de certificat du v\u00e9t\u00e9rinaire. Par ailleurs, les services de la S\u00fbret\u00e9 de da\u00efra de Tizi ont r\u00e9ussi, dans le m\u00eame cadre, \u00e0 saisir une autre quantit\u00e9 de viandes blanches impropres \u00e0 la consommation, suite \u00e0 l\u2019exploitation de renseignements parvenus aux \u00e9l\u00e9ments de la suret\u00e9 de da\u00efra indiquant que le propri\u00e9taire d\u2019un abattoir situ\u00e9 dans la p\u00e9riph\u00e9rie de Froha vendait des viandes blanches sans attestation du v\u00e9t\u00e9rinaire et les distribuait au boucheries de Froha et de Tizi, \u00e0 bord d\u2019un v\u00e9hicule inadapt\u00e9. Les patrouilles ont\u00a0 \u00e9t\u00e9 intensifi\u00e9es \u00e0 travers les rues de Tizi, ce qui a permis d\u2019arr\u00eater le v\u00e9hicule suspect.\u00a0<\/p>\n<p>Le contr\u00f4le dudit v\u00e9hicule a permis d\u2019y trouver un quintal et 87 kg de viandes blanches. Il s\u2019est av\u00e9r\u00e9, apr\u00e8s coordination avec les services comp\u00e9tents, que ces produits \u00e9taient impropres \u00e0 la consommation en raison de l\u2019absence d\u2019attestation du v\u00e9t\u00e9rinaire et le non respect\u00a0 des conditions d\u2019hygi\u00e8ne et de stockage. Les proc\u00e9dures l\u00e9gales ont alors \u00e9t\u00e9 accomplies \u00e0 l\u2019encontre des contrevenants et leur transmission \u00e0 la justice.<\/p>\n<p><strong>A. Ghomchi\u00a0 \u00a0<\/strong><\/p>\n<\/div>\n<div class=\"ModliArtilUne\">\n<ul>\n<li><strong>Publi\u00e9 dans :<\/strong><\/li>\n<\/ul>\n<\/div>\n<div class=\"MbComIns\" id=\"newcom\" readability=\"5.69402985075\">\n<h6>DONNEZ VOTRE AVIS<\/h6>\n<p>Il n&rsquo;y a actuellement aucune r\u00e9action \u00e0 cette information. Soyez le premier \u00e0 r\u00e9agir !<\/p>\n<p><a href=\"\" rel=\"#popup\" class=\"login resetbutton\">Identifiez-vous<\/a><a class=\"button\" href=\"http:\/\/www.elmoudjahid.com\/fr\/inscription\/\"><span>S&rsquo;inscrire<\/span><\/a><\/p>\n<\/div>\n<p>Auteur: elmoudjahid<br \/>\n<a href=\"http:\/\/www.elmoudjahid.com\/fr\/actualites\/150336\">Cliquez ici pour lire l&rsquo;article depuis sa source.<\/a><\/p>\n","protected":false},"excerpt":{"rendered":"<p>\u00a0Ainsi, les services de la S\u00fbret\u00e9 de da\u00efra de Zahana oint r\u00e9ussi, lors d\u2019un contr\u00f4le en coordination avec les services du commerce, ont\u00a0 saisis une quantit\u00e9 de pr\u00e8s de 3 quintaux et 96 kg de viandes blanches, ainsi que 30 kg d\u2019abats de poulets, pour lesquels il s\u2019est av\u00e9r\u00e9 que le commer\u00e7ant ne d\u00e9tenait pas [&hellip;]<\/p>\n","protected":false},"author":1744,"featured_media":0,"comment_status":"closed","ping_status":"closed","sticky":false,"template":"","format":"standard","meta":{"fifu_image_url":"","fifu_image_alt":"","footnotes":""},"categories":[73,53],"tags":[],"class_list":["post-80064","post","type-post","status-publish","format-standard","hentry","category-actualite","category-algerie"],"_links":{"self":[{"href":"https:\/\/linitiative.ca\/International\/wp-json\/wp\/v2\/posts\/80064","targetHints":{"allow":["GET"]}}],"collection":[{"href":"https:\/\/linitiative.ca\/International\/wp-json\/wp\/v2\/posts"}],"about":[{"href":"https:\/\/linitiative.ca\/International\/wp-json\/wp\/v2\/types\/post"}],"author":[{"embeddable":true,"href":"https:\/\/linitiative.ca\/International\/wp-json\/wp\/v2\/users\/1744"}],"replies":[{"embeddable":true,"href":"https:\/\/linitiative.ca\/International\/wp-json\/wp\/v2\/comments?post=80064"}],"version-history":[{"count":0,"href":"https:\/\/linitiative.ca\/International\/wp-json\/wp\/v2\/posts\/80064\/revisions"}],"wp:attachment":[{"href":"https:\/\/linitiative.ca\/International\/wp-json\/wp\/v2\/media?parent=80064"}],"wp:term":[{"taxonomy":"category","embeddable":true,"href":"https:\/\/linitiative.ca\/International\/wp-json\/wp\/v2\/categories?post=80064"},{"taxonomy":"post_tag","embeddable":true,"href":"https:\/\/linitiative.ca\/International\/wp-json\/wp\/v2\/tags?post=80064"}],"curies":[{"name":"wp","href":"https:\/\/api.w.org\/{rel}","templated":true}]}}