{"id":80065,"date":"2020-03-24T15:19:09","date_gmt":"2020-03-24T19:19:09","guid":{"rendered":"https:\/\/linitiative.ca\/International\/redressement-economique-lurgence-de-saffranchir-de-la-rente-petroliere\/"},"modified":"2020-03-24T15:19:09","modified_gmt":"2020-03-24T19:19:09","slug":"redressement-economique-lurgence-de-saffranchir-de-la-rente-petroliere","status":"publish","type":"post","link":"https:\/\/linitiative.ca\/International\/redressement-economique-lurgence-de-saffranchir-de-la-rente-petroliere\/","title":{"rendered":"Redressement \u00e9conomique :  L\u2019urgence de s\u2019affranchir  de la rente p\u00e9troli\u00e8re"},"content":{"rendered":"<p>D\u00e8s lors, il devient imp\u00e9ratif d\u2019\u00eatre attentif \u00e0 l&rsquo;ordre des priorit\u00e9s dans le plan de redressement \u00e9conomique, sans affecter les acquis sociaux et en veillant \u00e0 la pr\u00e9servation du niveau de vie, des salaires et retraites et \u00e0 la croissance des postes d&#8217;emploi. Un faisceau qui b\u00e9n\u00e9ficie du soutien du Pr\u00e9sident de la R\u00e9publique pour qui l&rsquo;Etat sera aux c\u00f4t\u00e9s des classes moyennes et vuln\u00e9rables de la soci\u00e9t\u00e9 pour leur offrir une existence d\u00e9cente.\u00a0<\/p>\n<p>L\u2019\u00e9dification d&rsquo;une nouvelle \u00e9conomie fond\u00e9e sur la diversification des recettes, la protection de la production nationale, l&rsquo;\u00e9conomie du savoir et la concr\u00e9tisation de la transition \u00e9nerg\u00e9tique, demeurent un passage oblig\u00e9 pour r\u00e9duire notre d\u00e9pendance aux hydrocarbures. Cette vuln\u00e9rabilit\u00e9 g\u00e9n\u00e9r\u00e9e par une ressource non renouvelable est un frein \u00e0 toute possibilit\u00e9 de d\u00e9veloppement v\u00e9ritable. Il importe donc de lever cet obstacle pour garantir l\u2019avenir de la nation. Ce n\u2019est pas sans raison que M. Abdelmadjid Tebboune a encore mis l&rsquo;accent, en conseil des ministres, sur \u00abl&rsquo;imp\u00e9ratif de mobiliser les \u00e9nergies et les efforts, de sacraliser le travail, de faire preuve de haut degr\u00e9 de citoyennet\u00e9 et de responsabilit\u00e9 \u00bb, afin de consolider les facteurs de r\u00e9silience de notre \u00e9conomie, d\u2019en \u00e9largir ses marges de man\u0153uvre et de garantir \u00e0 nos concitoyens un bien-\u00eatre durable. Pour ce faire, il a constamment soulign\u00e9 la n\u00e9cessit\u00e9 d&rsquo;appliquer un mod\u00e8le \u00e9conomique bas\u00e9 sur la diversification, d\u00e9barrass\u00e9 des entraves bureaucratiques, cr\u00e9ateur de richesses, qui absorbe le ch\u00f4mage, notamment parmi les jeunes, et qui puisse garantir la s\u00e9curit\u00e9 alimentaire. Le Pr\u00e9sident de la R\u00e9publique a insist\u00e9 sur l&rsquo;imp\u00e9ratif d&rsquo;une r\u00e9forme profonde de notre syst\u00e8me fiscal avec tout ce qui en d\u00e9coule en termes de r\u00e9glementation des incitations fiscales au profit des entreprises, notamment des startups et PME, en veillant \u00e0 l&rsquo;all\u00e8gement de la fiscalit\u00e9.\u00a0\u00a0<\/p>\n<p>L\u2019indispensable prise de conscience des enjeux d\u2019une r\u00e9orientation des objectifs de notre \u00e9conomie et de son red\u00e9ploiement, est tributaire de la mutualisation des synergies entre toutes les parties prenantes de la sph\u00e8re \u00e9conomique. Sans omettre de mettre \u00e0 contribution l\u2019apport non n\u00e9gligeable de notre diaspora qui demeure un authentique vivier de comp\u00e9tences.\u00a0<\/p>\n<p>A ce propos, il est r\u00e9confortant de relever la cr\u00e9ation d\u2019un secr\u00e9tariat d\u2019Etat charg\u00e9 de la communaut\u00e9 nationale et des comp\u00e9tences \u00e0 l\u2019\u00e9tranger qui aura pour mission, entre autres, l\u2019implication effective de nos ressortissants dans une d\u00e9marche de captation de toutes les\u00a0 opportunit\u00e9s susceptibles d\u2019ajouter une plus-value\u00a0 au renouveau de l\u2019Alg\u00e9rie.\u00a0<\/p>\n<p><strong>Mohamed Bouraib<\/strong><\/p>\n<p>Auteur: elmoudjahid<br \/>\n<a href=\"http:\/\/www.elmoudjahid.com\/fr\/actualites\/150337\">Cliquez ici pour lire l&rsquo;article depuis sa source.<\/a><\/p>\n","protected":false},"excerpt":{"rendered":"<p>D\u00e8s lors, il devient imp\u00e9ratif d\u2019\u00eatre attentif \u00e0 l&rsquo;ordre des priorit\u00e9s dans le plan de redressement \u00e9conomique, sans affecter les acquis sociaux et en veillant \u00e0 la pr\u00e9servation du niveau de vie, des salaires et retraites et \u00e0 la croissance des postes d&#8217;emploi. Un faisceau qui b\u00e9n\u00e9ficie du soutien du Pr\u00e9sident de la R\u00e9publique pour [&hellip;]<\/p>\n","protected":false},"author":1744,"featured_media":0,"comment_status":"closed","ping_status":"closed","sticky":false,"template":"","format":"standard","meta":{"fifu_image_url":"","fifu_image_alt":"","footnotes":""},"categories":[73,53],"tags":[],"class_list":["post-80065","post","type-post","status-publish","format-standard","hentry","category-actualite","category-algerie"],"_links":{"self":[{"href":"https:\/\/linitiative.ca\/International\/wp-json\/wp\/v2\/posts\/80065","targetHints":{"allow":["GET"]}}],"collection":[{"href":"https:\/\/linitiative.ca\/International\/wp-json\/wp\/v2\/posts"}],"about":[{"href":"https:\/\/linitiative.ca\/International\/wp-json\/wp\/v2\/types\/post"}],"author":[{"embeddable":true,"href":"https:\/\/linitiative.ca\/International\/wp-json\/wp\/v2\/users\/1744"}],"replies":[{"embeddable":true,"href":"https:\/\/linitiative.ca\/International\/wp-json\/wp\/v2\/comments?post=80065"}],"version-history":[{"count":0,"href":"https:\/\/linitiative.ca\/International\/wp-json\/wp\/v2\/posts\/80065\/revisions"}],"wp:attachment":[{"href":"https:\/\/linitiative.ca\/International\/wp-json\/wp\/v2\/media?parent=80065"}],"wp:term":[{"taxonomy":"category","embeddable":true,"href":"https:\/\/linitiative.ca\/International\/wp-json\/wp\/v2\/categories?post=80065"},{"taxonomy":"post_tag","embeddable":true,"href":"https:\/\/linitiative.ca\/International\/wp-json\/wp\/v2\/tags?post=80065"}],"curies":[{"name":"wp","href":"https:\/\/api.w.org\/{rel}","templated":true}]}}