{"id":80067,"date":"2020-03-24T12:10:00","date_gmt":"2020-03-24T16:10:00","guid":{"rendered":"https:\/\/linitiative.ca\/International\/de-la-chloroquine-pour-faire-face-au-covid-19\/"},"modified":"2020-03-24T12:10:00","modified_gmt":"2020-03-24T16:10:00","slug":"de-la-chloroquine-pour-faire-face-au-covid-19","status":"publish","type":"post","link":"https:\/\/linitiative.ca\/International\/de-la-chloroquine-pour-faire-face-au-covid-19\/","title":{"rendered":"De la Chloroquine pour faire face  au  Covid-19"},"content":{"rendered":"<p><br id=\"sep_para_1\" class=\"sep_para access\"\/><\/p>\n<div id=\"para_1\" class=\"para_36128868 resize\">\n<div class=\"texte access firstletter\">L&rsquo;Alg\u00e9rie a d\u00e9cid\u00e9 lundi d&rsquo;adopter un protocole th\u00e9rapeutique, la \u00ab\u00a0Chloroquine\u00a0\u00bb, pour faire face au coronavirus, a indiqu\u00e9 lundi le minist\u00e8re de la Communication dans un communiqu\u00e9. \u00ab\u00a0La Chloroquine est une mol\u00e9cule antipalud\u00e9enne d&rsquo;usage courant dans le traitement du paludisme, des maladies rhumatismales et dans le lupus\u00a0\u00bb, pr\u00e9cise-t-on dans ce communiqu\u00e9, soulignant que \u00ab\u00a0des \u00e9tudes ont commenc\u00e9 en Chine en f\u00e9vrier 2020 et se poursuivent en Europe\u00a0\u00bb. \u00ab\u00a0Elle a donn\u00e9 des r\u00e9sultats prometteurs contre le coronavirus Covid-19 en augmentant les capacit\u00e9s immunitaires de l&rsquo;individu. Elle est produite localement et en quantit\u00e9 suffisante pour traiter les patients selon le protocole \u00e9tabli par les experts\u00a0\u00bb, a-t-on ajout\u00e9 de m\u00eame source.<\/div>\n<\/div>\n<p>Auteur: R\u00e9flexion<br \/>\n<a href=\"https:\/\/www.reflexiondz.net\/De-la-Chloroquine-pour-faire-face-au-Covid-19_a61481.html\">Cliquez ici pour lire l&rsquo;article depuis sa source.<\/a><\/p>\n","protected":false},"excerpt":{"rendered":"<p>L&rsquo;Alg\u00e9rie a d\u00e9cid\u00e9 lundi d&rsquo;adopter un protocole th\u00e9rapeutique, la \u00ab\u00a0Chloroquine\u00a0\u00bb, pour faire face au coronavirus, a indiqu\u00e9 lundi le minist\u00e8re de la Communication dans un communiqu\u00e9. \u00ab\u00a0La Chloroquine est une mol\u00e9cule antipalud\u00e9enne d&rsquo;usage courant dans le traitement du paludisme, des maladies rhumatismales et dans le lupus\u00a0\u00bb, pr\u00e9cise-t-on dans ce communiqu\u00e9, soulignant que \u00ab\u00a0des \u00e9tudes ont [&hellip;]<\/p>\n","protected":false},"author":1740,"featured_media":0,"comment_status":"closed","ping_status":"closed","sticky":false,"template":"","format":"standard","meta":{"fifu_image_url":"","fifu_image_alt":"","footnotes":""},"categories":[53,76],"tags":[],"class_list":["post-80067","post","type-post","status-publish","format-standard","hentry","category-algerie","category-regions"],"_links":{"self":[{"href":"https:\/\/linitiative.ca\/International\/wp-json\/wp\/v2\/posts\/80067","targetHints":{"allow":["GET"]}}],"collection":[{"href":"https:\/\/linitiative.ca\/International\/wp-json\/wp\/v2\/posts"}],"about":[{"href":"https:\/\/linitiative.ca\/International\/wp-json\/wp\/v2\/types\/post"}],"author":[{"embeddable":true,"href":"https:\/\/linitiative.ca\/International\/wp-json\/wp\/v2\/users\/1740"}],"replies":[{"embeddable":true,"href":"https:\/\/linitiative.ca\/International\/wp-json\/wp\/v2\/comments?post=80067"}],"version-history":[{"count":0,"href":"https:\/\/linitiative.ca\/International\/wp-json\/wp\/v2\/posts\/80067\/revisions"}],"wp:attachment":[{"href":"https:\/\/linitiative.ca\/International\/wp-json\/wp\/v2\/media?parent=80067"}],"wp:term":[{"taxonomy":"category","embeddable":true,"href":"https:\/\/linitiative.ca\/International\/wp-json\/wp\/v2\/categories?post=80067"},{"taxonomy":"post_tag","embeddable":true,"href":"https:\/\/linitiative.ca\/International\/wp-json\/wp\/v2\/tags?post=80067"}],"curies":[{"name":"wp","href":"https:\/\/api.w.org\/{rel}","templated":true}]}}