{"id":80068,"date":"2020-03-24T12:10:00","date_gmt":"2020-03-24T16:10:00","guid":{"rendered":"https:\/\/linitiative.ca\/International\/coronavirus-les-pharmaciens-et-buralistes-pas-concernes-par-les-fermetures\/"},"modified":"2020-03-24T12:10:00","modified_gmt":"2020-03-24T16:10:00","slug":"coronavirus-les-pharmaciens-et-buralistes-pas-concernes-par-les-fermetures","status":"publish","type":"post","link":"https:\/\/linitiative.ca\/International\/coronavirus-les-pharmaciens-et-buralistes-pas-concernes-par-les-fermetures\/","title":{"rendered":"CORONAVIRUS : Les pharmaciens et buralistes pas concern\u00e9s par les fermetures"},"content":{"rendered":"<p><br id=\"sep_para_1\" class=\"sep_para access\"\/><\/p>\n<div id=\"para_1\" class=\"para_36128852 resize\">\n<div class=\"texte access firstletter\">Les officines de pharmacies et les buralistes ne sont pas concern\u00e9s par les mesures de fermeture prises lundi par le Pr\u00e9sident Abdelmadjid Tebboune \u00e0 l&rsquo;issue de la r\u00e9union du Haut conseil de s\u00e9curit\u00e9, pour lutter contre la propagation du coronavirus dans le pays, indique une source de la pr\u00e9sidence de la r\u00e9publique. Ces mesures prises \u00e0 titre exceptionnel permettront notamment aux citoyens de s&rsquo;approvisionner en m\u00e9dicaments, et aux buralistes d&rsquo;exercer leurs activit\u00e9s, notamment la vente de la presse nationale, pr\u00e9cise la m\u00eame source. Parmi ces mesures exceptionnelles, le Haut conseil de s\u00e9curit\u00e9 a \u00e9galement d\u00e9cid\u00e9 de permettre aux marchands ambulants de produits alimentaires \u00a0\u00bb\u00e0 exercer leurs activit\u00e9s en rotation par quartier\u00a0\u00bb, afin de faciliter l&rsquo;acc\u00e8s des populations aux produits alimentaires frais, mais avec cette pr\u00e9cision d&rsquo;\u00e9viter \u00a0\u00bbtout attroupement\u00a0\u00bb.\u00a0\u00a0\u00a0\u00a0\u00a0\u00a0\u00a0\u00a0\u00a0\u00a0\u00a0\u00a0\u00a0\u00a0\u00a0\u00a0\u00a0\u00a0\u00a0\u00a0\u00a0\u00a0\u00a0\u00a0<\/div>\n<\/div>\n<p>Auteur: Ismain<br \/>\n<a href=\"https:\/\/www.reflexiondz.net\/CORONAVIRUS-Les-pharmaciens-et-buralistes-pas-concernes-par-les-fermetures_a61478.html\">Cliquez ici pour lire l&rsquo;article depuis sa source.<\/a><\/p>\n","protected":false},"excerpt":{"rendered":"<p>Les officines de pharmacies et les buralistes ne sont pas concern\u00e9s par les mesures de fermeture prises lundi par le Pr\u00e9sident Abdelmadjid Tebboune \u00e0 l&rsquo;issue de la r\u00e9union du Haut conseil de s\u00e9curit\u00e9, pour lutter contre la propagation du coronavirus dans le pays, indique une source de la pr\u00e9sidence de la r\u00e9publique. Ces mesures prises [&hellip;]<\/p>\n","protected":false},"author":1740,"featured_media":0,"comment_status":"closed","ping_status":"closed","sticky":false,"template":"","format":"standard","meta":{"fifu_image_url":"","fifu_image_alt":"","footnotes":""},"categories":[53,76],"tags":[],"class_list":["post-80068","post","type-post","status-publish","format-standard","hentry","category-algerie","category-regions"],"_links":{"self":[{"href":"https:\/\/linitiative.ca\/International\/wp-json\/wp\/v2\/posts\/80068","targetHints":{"allow":["GET"]}}],"collection":[{"href":"https:\/\/linitiative.ca\/International\/wp-json\/wp\/v2\/posts"}],"about":[{"href":"https:\/\/linitiative.ca\/International\/wp-json\/wp\/v2\/types\/post"}],"author":[{"embeddable":true,"href":"https:\/\/linitiative.ca\/International\/wp-json\/wp\/v2\/users\/1740"}],"replies":[{"embeddable":true,"href":"https:\/\/linitiative.ca\/International\/wp-json\/wp\/v2\/comments?post=80068"}],"version-history":[{"count":0,"href":"https:\/\/linitiative.ca\/International\/wp-json\/wp\/v2\/posts\/80068\/revisions"}],"wp:attachment":[{"href":"https:\/\/linitiative.ca\/International\/wp-json\/wp\/v2\/media?parent=80068"}],"wp:term":[{"taxonomy":"category","embeddable":true,"href":"https:\/\/linitiative.ca\/International\/wp-json\/wp\/v2\/categories?post=80068"},{"taxonomy":"post_tag","embeddable":true,"href":"https:\/\/linitiative.ca\/International\/wp-json\/wp\/v2\/tags?post=80068"}],"curies":[{"name":"wp","href":"https:\/\/api.w.org\/{rel}","templated":true}]}}