{"id":80069,"date":"2020-03-24T12:10:00","date_gmt":"2020-03-24T16:10:00","guid":{"rendered":"https:\/\/linitiative.ca\/International\/algerie-tunisie-le-president-tebboune-sentretient-avec-kais-saied\/"},"modified":"2020-03-24T12:10:00","modified_gmt":"2020-03-24T16:10:00","slug":"algerie-tunisie-le-president-tebboune-sentretient-avec-kais-saied","status":"publish","type":"post","link":"https:\/\/linitiative.ca\/International\/algerie-tunisie-le-president-tebboune-sentretient-avec-kais-saied\/","title":{"rendered":"ALGERIE-TUNISIE  : Le pr\u00e9sident Tebboune s\u2019entretient avec Ka\u00efs Sa\u00efed"},"content":{"rendered":"<p><br id=\"sep_para_1\" class=\"sep_para access\"\/><\/p>\n<div id=\"para_1\" class=\"para_36128850 resize\">\n<div class=\"texte access firstletter\">Le pr\u00e9sident de la R\u00e9publique, Abdelmadjid\u00a0 Tebboune a \u00e9chang\u00e9, lors d\u2019un entretien t\u00e9l\u00e9phonique avec son homologue tunisien, Kais Saied, ce lundi 23 mars, les informations et les vues sur la situation sanitaire dans les deux pays \u00ab \u00e0 la lumi\u00e8re des mesures prises pour juguler\u00a0 la crise de propagation de l\u2019\u00e9pid\u00e9mie du Coronavirus \u00bb, a indiqu\u00e9 la\u00a0 Pr\u00e9sidence de la R\u00e9publique dans un communiqu\u00e9. Les deux pr\u00e9sidents ont convenu de \u00ab poursuivre la concertation et la coordination en vue de contrer la propagation de cette pand\u00e9mie \u00bb, a conclu la m\u00eame source..\u00a0\u00a0\u00a0\u00a0\u00a0\u00a0\u00a0\u00a0\u00a0\u00a0\u00a0\u00a0\u00a0\u00a0\u00a0\u00a0\u00a0\u00a0\u00a0\u00a0\u00a0\u00a0\u00a0\u00a0<\/div>\n<\/div>\n<p>Auteur: Nadine<br \/>\n<a href=\"https:\/\/www.reflexiondz.net\/ALGERIE-TUNISIE-Le-president-Tebboune-s-entretient-avec-Kais-Saied_a61477.html\">Cliquez ici pour lire l&rsquo;article depuis sa source.<\/a><\/p>\n","protected":false},"excerpt":{"rendered":"<p>Le pr\u00e9sident de la R\u00e9publique, Abdelmadjid\u00a0 Tebboune a \u00e9chang\u00e9, lors d\u2019un entretien t\u00e9l\u00e9phonique avec son homologue tunisien, Kais Saied, ce lundi 23 mars, les informations et les vues sur la situation sanitaire dans les deux pays \u00ab \u00e0 la lumi\u00e8re des mesures prises pour juguler\u00a0 la crise de propagation de l\u2019\u00e9pid\u00e9mie du Coronavirus \u00bb, a [&hellip;]<\/p>\n","protected":false},"author":1740,"featured_media":0,"comment_status":"closed","ping_status":"closed","sticky":false,"template":"","format":"standard","meta":{"fifu_image_url":"","fifu_image_alt":"","footnotes":""},"categories":[53,76],"tags":[],"class_list":["post-80069","post","type-post","status-publish","format-standard","hentry","category-algerie","category-regions"],"_links":{"self":[{"href":"https:\/\/linitiative.ca\/International\/wp-json\/wp\/v2\/posts\/80069","targetHints":{"allow":["GET"]}}],"collection":[{"href":"https:\/\/linitiative.ca\/International\/wp-json\/wp\/v2\/posts"}],"about":[{"href":"https:\/\/linitiative.ca\/International\/wp-json\/wp\/v2\/types\/post"}],"author":[{"embeddable":true,"href":"https:\/\/linitiative.ca\/International\/wp-json\/wp\/v2\/users\/1740"}],"replies":[{"embeddable":true,"href":"https:\/\/linitiative.ca\/International\/wp-json\/wp\/v2\/comments?post=80069"}],"version-history":[{"count":0,"href":"https:\/\/linitiative.ca\/International\/wp-json\/wp\/v2\/posts\/80069\/revisions"}],"wp:attachment":[{"href":"https:\/\/linitiative.ca\/International\/wp-json\/wp\/v2\/media?parent=80069"}],"wp:term":[{"taxonomy":"category","embeddable":true,"href":"https:\/\/linitiative.ca\/International\/wp-json\/wp\/v2\/categories?post=80069"},{"taxonomy":"post_tag","embeddable":true,"href":"https:\/\/linitiative.ca\/International\/wp-json\/wp\/v2\/tags?post=80069"}],"curies":[{"name":"wp","href":"https:\/\/api.w.org\/{rel}","templated":true}]}}