{"id":80071,"date":"2020-03-24T15:29:00","date_gmt":"2020-03-24T19:29:00","guid":{"rendered":"https:\/\/linitiative.ca\/International\/coronavirus-plus-de-17-milliard-de-personnes-confinees-dans-le-monde\/"},"modified":"2020-03-24T15:29:00","modified_gmt":"2020-03-24T19:29:00","slug":"coronavirus-plus-de-17-milliard-de-personnes-confinees-dans-le-monde","status":"publish","type":"post","link":"https:\/\/linitiative.ca\/International\/coronavirus-plus-de-17-milliard-de-personnes-confinees-dans-le-monde\/","title":{"rendered":"CORONAVIRUS : Plus de 1,7 milliard de personnes confin\u00e9es dans le monde"},"content":{"rendered":"<p><br id=\"sep_para_1\" class=\"sep_para access\"\/><\/p>\n<div id=\"para_1\" class=\"para_36132245 resize\">\n<div class=\"photo shadow left\"><a href=\"javascript:void(0)\" rel=\"https:\/\/www.reflexiondz.net\/photo\/art\/grande\/43995893-36132245.jpg?v=1585079255&amp;ibox\" title=\"CORONAVIRUS : Plus de 1,7 milliard de personnes confin\u00e9es dans le monde\"><img decoding=\"async\" class=\"responsive c9\" src=\"https:\/\/www.reflexiondz.net\/photo\/art\/grande\/43995893-36132245.jpg?v=1585079255\" alt=\"CORONAVIRUS : Plus de 1,7 milliard de personnes confin\u00e9es dans le monde\" title=\"CORONAVIRUS : Plus de 1,7 milliard de personnes confin\u00e9es dans le monde\"\/><img decoding=\"async\" class=\"not-responsive\" src=\"https:\/\/www.reflexiondz.net\/photo\/art\/default\/43995893-36132245.jpg?v=1585079255\" alt=\"CORONAVIRUS : Plus de 1,7 milliard de personnes confin\u00e9es dans le monde\" title=\"CORONAVIRUS : Plus de 1,7 milliard de personnes confin\u00e9es dans le monde\"\/><\/a><\/div>\n<div class=\"texte access firstletter\">Alors que la pand\u00e9mie s\u2019acc\u00e9l\u00e8re et commence \u00e0 investir l\u2019h\u00e9misph\u00e8re sud, le confinement tend \u00e0 se g\u00e9n\u00e9raliser aux quatre coins du monde. Plus de 1,7 milliard de personnes dans le monde, dont au moins 700 millions d&rsquo;Indiens, sont appel\u00e9es \u00e0 rester confin\u00e9es depuis plusieurs jours. Depuis son apparition en d\u00e9cembre dernier, le Covid-19 a fait au moins 16.146 morts, selon le dernier bilan comptabilit\u00e9 par l\u2019AFP lundi soir. Quelque 174 pays et territoires sont d\u00e9sormais touch\u00e9s par le coronavirus et plus de 361.510 cas de contamination recens\u00e9s. L\u2019Italie d\u00e9tient d\u00e9sormais le triste record du plus grand nombre de d\u00e9c\u00e8s avec 6.077 morts pour 63.927 cas, devan\u00e7ant largement la Chine d\u2019o\u00f9 est partie l\u2019\u00e9pid\u00e9mie (3.270 d\u00e9c\u00e8s pour 81.093 cas). Viennent ensuite l\u2019Espagne (2.182 morts, 33.089 cas), l&rsquo;Iran (1.812 morts, 23.049 cas), la France (860 morts, 19.856 cas) et les \u00c9tats-Unis (499 morts, 41.511 cas). L\u2019Organisation mondiale de la sant\u00e9 (OMS) note une acc\u00e9l\u00e9ration de la pand\u00e9mie, mais estime que sa trajectoire peut \u00eatre modifi\u00e9e. Il faut pour cela que de plus en plus de pays multiplient les tests de tous les cas et placent en quarantaine les contacts proches. Aux Etats-Unis, Donald Trump tra\u00eene encore des pieds pour d\u00e9cider d\u2019un confinement g\u00e9n\u00e9ral malgr\u00e9 les demandes insistantes de la ville de New York, au c\u0153ur de l&rsquo;\u00e9pid\u00e9mie de coronavirus sur le territoire. Le pr\u00e9sident am\u00e9ricain a, au contraire, envisag\u00e9 de rouvrir le pays \u00ab\u00a0au monde des affaires\u00a0\u00bb jugeant que les restrictions \u00e9taient trop n\u00e9fastes \u00e0 l\u2019\u00e9conomie. \u00ab\u00a0Nous ne pouvons laisser le rem\u00e8de \u00eatre pire que le probl\u00e8me lui-m\u00eame\u00a0\u00bb, a-t-il d\u00e9clar\u00e9. Mais de plus en plus de dirigeants du monde ont d\u00e9sormais recours au confinement g\u00e9n\u00e9ral. On totalise d\u00e9sormais plus de 1,7 milliard de personnes somm\u00e9es de rester chez elles dont au moins 700 millions d\u2019Indiens.\u00a0 La France a renforc\u00e9 ses mesures de confinement \u00e0 ses pr\u00e8s de 70 millions d\u2019habitants et annonc\u00e9 que la dur\u00e9e pourrait \u00eatre rallong\u00e9e au-del\u00e0 de la seconde semaine qui a d\u00e9but\u00e9. La situation a pouss\u00e9 de nombreuses entreprise \u00e0 recourir au ch\u00f4mage partiel de 730.000 personnes, a indiqu\u00e9 mardi Bruno Le Maire, le ministre de l\u2019Economie et des Finances. Une mesure qui devrait co\u00fbter \u00e0 2,2 milliards d&rsquo;euros.<\/div>\n<\/div>\n<p>Auteur: Ismain<br \/>\n<a href=\"https:\/\/www.reflexiondz.net\/CORONAVIRUS-Plus-de-17-milliard-de-personnes-confinees-dans-le-monde_a61482.html\">Cliquez ici pour lire l&rsquo;article depuis sa source.<\/a><\/p>\n","protected":false},"excerpt":{"rendered":"<p>Alors que la pand\u00e9mie s\u2019acc\u00e9l\u00e8re et commence \u00e0 investir l\u2019h\u00e9misph\u00e8re sud, le confinement tend \u00e0 se g\u00e9n\u00e9raliser aux quatre coins du monde. Plus de 1,7 milliard de personnes dans le monde, dont au moins 700 millions d&rsquo;Indiens, sont appel\u00e9es \u00e0 rester confin\u00e9es depuis plusieurs jours. Depuis son apparition en d\u00e9cembre dernier, le Covid-19 a fait [&hellip;]<\/p>\n","protected":false},"author":1740,"featured_media":0,"comment_status":"closed","ping_status":"closed","sticky":false,"template":"","format":"standard","meta":{"fifu_image_url":"","fifu_image_alt":"","footnotes":""},"categories":[53,76],"tags":[],"class_list":["post-80071","post","type-post","status-publish","format-standard","hentry","category-algerie","category-regions"],"_links":{"self":[{"href":"https:\/\/linitiative.ca\/International\/wp-json\/wp\/v2\/posts\/80071","targetHints":{"allow":["GET"]}}],"collection":[{"href":"https:\/\/linitiative.ca\/International\/wp-json\/wp\/v2\/posts"}],"about":[{"href":"https:\/\/linitiative.ca\/International\/wp-json\/wp\/v2\/types\/post"}],"author":[{"embeddable":true,"href":"https:\/\/linitiative.ca\/International\/wp-json\/wp\/v2\/users\/1740"}],"replies":[{"embeddable":true,"href":"https:\/\/linitiative.ca\/International\/wp-json\/wp\/v2\/comments?post=80071"}],"version-history":[{"count":0,"href":"https:\/\/linitiative.ca\/International\/wp-json\/wp\/v2\/posts\/80071\/revisions"}],"wp:attachment":[{"href":"https:\/\/linitiative.ca\/International\/wp-json\/wp\/v2\/media?parent=80071"}],"wp:term":[{"taxonomy":"category","embeddable":true,"href":"https:\/\/linitiative.ca\/International\/wp-json\/wp\/v2\/categories?post=80071"},{"taxonomy":"post_tag","embeddable":true,"href":"https:\/\/linitiative.ca\/International\/wp-json\/wp\/v2\/tags?post=80071"}],"curies":[{"name":"wp","href":"https:\/\/api.w.org\/{rel}","templated":true}]}}