{"id":80072,"date":"2020-03-24T09:12:00","date_gmt":"2020-03-24T13:12:00","guid":{"rendered":"https:\/\/linitiative.ca\/International\/sami-chaouch-face-aux-consequences-du-covd-19-et-a-la-recession-annoncee-oser\/"},"modified":"2020-03-24T09:12:00","modified_gmt":"2020-03-24T13:12:00","slug":"sami-chaouch-face-aux-consequences-du-covd-19-et-a-la-recession-annoncee-oser","status":"publish","type":"post","link":"https:\/\/linitiative.ca\/International\/sami-chaouch-face-aux-consequences-du-covd-19-et-a-la-recession-annoncee-oser\/","title":{"rendered":"Sami Chaouch &#8211; Face aux cons\u00e9quences du Covd-19 et \u00e0 la r\u00e9cession annonc\u00e9e : Oser"},"content":{"rendered":"<p><span class=\"c2\">Depuis l\u2019Am\u00e9rique du Nord o\u00f9 il exerce \u00e0 la t\u00eate d\u2019organismes d\u2019analyse financi\u00e8re et de gestion de fonds, Sami Chaouch nous fait parvenir une analyse \u00e9conomique et financi\u00e8re globale pertinente. Un choix corn\u00e9lien dans le monde entier, \u00e0 faire entre confinement g\u00e9n\u00e9ralis\u00e9 et prolong\u00e9 synonyme de paralysie \u00e9conomique totale aux lourdes cons\u00e9quences, ou action ponctuelle et red\u00e9marrage imm\u00e9diat de l\u2019\u00e9conomie\u00a0?<\/span><\/p>\n<p>Si le co\u00fbt humain de la crise actuelle fait l\u2019objet d\u2019un suivi constant, de plus en plus de voix s\u2019\u00e9l\u00e8vent pour demander une plus grande attention \u00e0 la d\u00e9b\u00e2cle \u00e9conomique qui s\u2019annonce. Aux \u00c9tats-Unis, selon JP Morgan hier lundi 23 mars, au second trimestre cette ann\u00e9e, la production chuterait de 30% (en taux annuels) et le ch\u00f4mage grimperait \u00e0 13% (plus de 5 millions d\u2019emplois perdus actuellement, 2 \u00e0 3 millions de plus sont \u00e0 venir). Selon le Wall Street Journal du m\u00eame jour, en l\u2019absence de mesures de confinement, le virus pourrait tuer jusqu\u2019\u00e0 2.2 millions de personnes.<\/p>\n<p>Les d\u00e9cisions r\u00e9centes vont certainement r\u00e9duire significativement l\u2019impact. En retour, l\u2019\u00e9tat la production chuterait de $1.5 trillions, le d\u00e9ficit monterait \u00e0 $2 trillions et l\u2019\u00e9conomie pourrait se contracter entre 7 et 10% selon les sc\u00e9narios. Un rapport r\u00e9cent de la Deutsche Bank mesure plus pr\u00e9cis\u00e9ment ce que signifie la \u00ab distanciation sociale \u00bb pour plusieurs industries. C\u2019est tout \u00e0 fait \u00e9difiant.<\/p>\n<p>Bien s\u00fbr, des mesures de mitigation ont \u00e9t\u00e9 mises en place : le plan actuellement n\u00e9goci\u00e9 au Congr\u00e8s am\u00e9ricain injecterait $1.8 \u00e0 $2 trillions, en plus des programmes de soutien de la Fed (rachat de la dette notamment). L\u2019Europe, le Japon et la Chine ont pris \u00e0 leur tour des initiatives similaire. C\u2019est sans pr\u00e9c\u00e9dent. Mais malheureusement, ce n\u2019est pas assez : l\u2019ensemble des march\u00e9s financiers ont perdu plus de $26 trillions depuis mi-f\u00e9vrier, dont $15 trillions aux \u00c9tats-Unis seulement, effa\u00e7ant en quelques jours plus de 3 ans et demi de gains boursiers. La d\u00e9b\u00e2cle &#8211; plus de 34% -est la pire enregistr\u00e9e depuis des d\u00e9cennies.<\/p>\n<p>Si le march\u00e9 semble ne pas croire aux mesures de soutien, c\u2019est probablement parce que la r\u00e9ponse des gouvernements n\u2019est pas encore \u00e0 la hauteur du probl\u00e8me : Il ne s\u2019agit pas de subventionner l\u2019\u00e9conomie \u00e0 coup de ch\u00e8ques aux entreprises et\/ou aux particuliers mais bien de faire red\u00e9marrer et fonctionner l\u2019\u00e9conomie. Et si peu jusqu\u2019ici a \u00e9t\u00e9 fait dans ce sens.<\/p>\n<p>Fort heureusement, on commence \u00e0 constater que quelques voix h\u00e9t\u00e9rodoxes commencent \u00e0 se faire entendre : la Grande-Bretagne a volontairement tard\u00e9 \u00e0 mettre son \u00e9conomie \u00e0 l\u2019arr\u00eat, et il semble de plus en plus probable que les \u00c9tats-Unis pensent \u00e0 limiter consid\u00e9rablement la port\u00e9e et la dur\u00e9e de leur mesure. Encourag\u00e9 par les avanc\u00e9es certaines de la compr\u00e9hension de la maladie et les promesses de certains traitements, le pr\u00e9sident Trump annon\u00e7ait lundi : \u00ab Our country wasn\u2019t built to be shut down. America will, again, and soon, be open for business. Very soon. A lot sooner than three or four months. We cannot let the cure be worse than the problem itself \u00bb. Bon sens\u00a0? Pressions des milieux d\u2019affaires ? Les deux \u00e0 la fois sans doutes.<\/p>\n<p>On se met d\u00e9sormais \u00e0 parler de moins en moins en termes de plan de sauvetage ou de subventions, mais davantage de gestion des risques. \u00c0 l\u2019instar de M. Trump lundi, on ose des comparaisons avec d\u2019autres fl\u00e9aux : le tabac, les accidents de la circulation, entre autres. De nombreux \u00e9conomistes (de Chicago, Harvard, et autres institutions habituellement peu favorables aux positions de l\u2019Administration am\u00e9ricaine actuelle) proposent de r\u00e9\u00e9valuer l\u2019ampleur, la dur\u00e9e, les co\u00fbts versus les avantages du \u00ab shut-down \u00bb. Car s\u2019il est politiquement correct (rentable ?) de se satisfaire d\u2019un confinement prolong\u00e9, coupl\u00e9 \u00e0 de gigantesques subventions directes ou indirectes, certains (r\u00e9alistes ou cyniques selon les points de vue) s\u2019interrogent sur le co\u00fbt imm\u00e9diat et futur inflig\u00e9 \u00e0 l\u2019\u00e9conomie, qui, in-fine, aura un cout humain consid\u00e9rable.<\/p>\n<p>Il ne faut pas s\u2019y tromper : une r\u00e9cession comme celle que l\u2019on nous annonce est synonyme de ch\u00f4mage, de pauvret\u00e9, de crise sanitaire et de mortalit\u00e9 accrue\u2026<\/p>\n<p>Si le virus actuel tue, la r\u00e9cession et ses cons\u00e9quences mat\u00e9rielles et psychologiques tueront sans doutes aussi peut-\u00eatre davantage. Plus lentement, mais surement. En silence.<\/p>\n<p>Le monde n\u2019a jamais exp\u00e9riment\u00e9 encore les effets d\u2019un arr\u00eat total des activit\u00e9s sur la plan\u00e8te. On commence \u00e0 peine \u00e0 en sentir les effets. Ils sont d\u00e9sastreux sur la premi\u00e8re \u00e9conomie du monde. Ils seront catastrophiques sur les pays \u00e9mergents. Avant de prendre la d\u00e9cision de prolonger le confinement au-del\u00e0 de ce qui est indispensable (2 semaines, 3 semaines, 1 mois ?), pensez-y. Pour De Gaulle, \u00ab la politique de la France ne se fait pas \u00e0 la corbeille\u201d. Pas plus, sans doutes, qu\u2019elle ne doit se faire sur les r\u00e9seaux sociaux. Une \u00e9valuation est n\u00e9cessaire ; elle doit \u00eatre multiple, rationnelle, d\u00e9passionn\u00e9e, ind\u00e9pendante.<\/p>\n<p>Car, tr\u00e8s bient\u00f4t, il faudra oser.<\/p>\n<p><img decoding=\"async\" src=\"\/uploads\/FCK_files\/Graph(15).jpg\" alt=\"\" width=\"100%\" vspace=\"5\" align=\"middle\" hspace=\"5\"\/><br \/><span class=\"c3\"><em>DB\u2010Covid\u201019-Recession Risks &amp; Markets \u2013 March 6, 2020<\/em><\/span><\/p>\n<p class=\"c4\"><strong>Sami Chaouch<\/strong><br \/>\u00a0<\/p>\n<p>Auteur:<br \/>\n<a href=\"https:\/\/www.leaders.com.tn\/article\/29466-sami-chaouch-face-aux-consequences-du-covd-19-et-a-la-recession-annoncee-oser\">Cliquez ici pour lire l&rsquo;article depuis sa source.<\/a><\/p>\n","protected":false},"excerpt":{"rendered":"<p>Depuis l\u2019Am\u00e9rique du Nord o\u00f9 il exerce \u00e0 la t\u00eate d\u2019organismes d\u2019analyse financi\u00e8re et de gestion de fonds, Sami Chaouch nous fait parvenir une analyse \u00e9conomique et financi\u00e8re globale pertinente. Un choix corn\u00e9lien dans le monde entier, \u00e0 faire entre confinement g\u00e9n\u00e9ralis\u00e9 et prolong\u00e9 synonyme de paralysie \u00e9conomique totale aux lourdes cons\u00e9quences, ou action ponctuelle [&hellip;]<\/p>\n","protected":false},"author":1772,"featured_media":80073,"comment_status":"closed","ping_status":"closed","sticky":false,"template":"","format":"standard","meta":{"fifu_image_url":"","fifu_image_alt":"","footnotes":""},"categories":[73,55],"tags":[],"class_list":["post-80072","post","type-post","status-publish","format-standard","has-post-thumbnail","hentry","category-actualite","category-tunisie"],"_links":{"self":[{"href":"https:\/\/linitiative.ca\/International\/wp-json\/wp\/v2\/posts\/80072","targetHints":{"allow":["GET"]}}],"collection":[{"href":"https:\/\/linitiative.ca\/International\/wp-json\/wp\/v2\/posts"}],"about":[{"href":"https:\/\/linitiative.ca\/International\/wp-json\/wp\/v2\/types\/post"}],"author":[{"embeddable":true,"href":"https:\/\/linitiative.ca\/International\/wp-json\/wp\/v2\/users\/1772"}],"replies":[{"embeddable":true,"href":"https:\/\/linitiative.ca\/International\/wp-json\/wp\/v2\/comments?post=80072"}],"version-history":[{"count":0,"href":"https:\/\/linitiative.ca\/International\/wp-json\/wp\/v2\/posts\/80072\/revisions"}],"wp:featuredmedia":[{"embeddable":true,"href":"https:\/\/linitiative.ca\/International\/wp-json\/"}],"wp:attachment":[{"href":"https:\/\/linitiative.ca\/International\/wp-json\/wp\/v2\/media?parent=80072"}],"wp:term":[{"taxonomy":"category","embeddable":true,"href":"https:\/\/linitiative.ca\/International\/wp-json\/wp\/v2\/categories?post=80072"},{"taxonomy":"post_tag","embeddable":true,"href":"https:\/\/linitiative.ca\/International\/wp-json\/wp\/v2\/tags?post=80072"}],"curies":[{"name":"wp","href":"https:\/\/api.w.org\/{rel}","templated":true}]}}