{"id":80074,"date":"2020-03-24T11:46:00","date_gmt":"2020-03-24T15:46:00","guid":{"rendered":"https:\/\/linitiative.ca\/International\/nabil-ajroud-nomme-conseiller-juridique-et-de-legislation-a-la-presidence-du-gouvernement\/"},"modified":"2020-03-24T11:46:00","modified_gmt":"2020-03-24T15:46:00","slug":"nabil-ajroud-nomme-conseiller-juridique-et-de-legislation-a-la-presidence-du-gouvernement","status":"publish","type":"post","link":"https:\/\/linitiative.ca\/International\/nabil-ajroud-nomme-conseiller-juridique-et-de-legislation-a-la-presidence-du-gouvernement\/","title":{"rendered":"Nabil Ajroud nomm\u00e9 Conseiller juridique et de L\u00e9gislation \u00e0 la Pr\u00e9sidence du Gouvernement"},"content":{"rendered":"<p>Il succ\u00e8de \u00e0 une haute lign\u00e9e d\u2019\u00e9minents juristes \u00e0 la Kasbah, Hammadi Snoussi, Hamed El Abed, Mouldi Marsit, Kheireddine Ben Soltane et autres Ahmed Zarrouk. Nabil Ajroud a \u00e9t\u00e9 nomm\u00e9 Conseiller juridique et de L\u00e9gislation \u00e0 la Pr\u00e9sidence du gouvernement. Jusque-l\u00e0, il avait \u00e9t\u00e9 dans les m\u00eames fonction \u00e0 la Pr\u00e9sidence de la R\u00e9publique, avant de devenir ministre-directeur du cabinet Pr\u00e9sident B\u00e9ji Ca\u00efd Essebsi (depuis 2018), puis du Pr\u00e9sident par int\u00e9rim Mohamed Ennaceur. Un juriste chevronn\u00e9 qui a gagn\u00e9 en exp\u00e9rience horizontale au sommet de l&rsquo;Etat, en dirigeant le cabinet pr\u00e9sidentiel \u00e0 Carthage.<br \/>\u00a0<\/p>\n<p>Auteur:<br \/>\n<a href=\"https:\/\/www.leaders.com.tn\/article\/29468-nabil-ajroud-nomme-conseiller-juridique-et-de-legislation-a-la-presidence-du-gouvernement\">Cliquez ici pour lire l&rsquo;article depuis sa source.<\/a><\/p>\n","protected":false},"excerpt":{"rendered":"<p>Il succ\u00e8de \u00e0 une haute lign\u00e9e d\u2019\u00e9minents juristes \u00e0 la Kasbah, Hammadi Snoussi, Hamed El Abed, Mouldi Marsit, Kheireddine Ben Soltane et autres Ahmed Zarrouk. Nabil Ajroud a \u00e9t\u00e9 nomm\u00e9 Conseiller juridique et de L\u00e9gislation \u00e0 la Pr\u00e9sidence du gouvernement. Jusque-l\u00e0, il avait \u00e9t\u00e9 dans les m\u00eames fonction \u00e0 la Pr\u00e9sidence de la R\u00e9publique, avant [&hellip;]<\/p>\n","protected":false},"author":1772,"featured_media":0,"comment_status":"closed","ping_status":"closed","sticky":false,"template":"","format":"standard","meta":{"fifu_image_url":"","fifu_image_alt":"","footnotes":""},"categories":[73,55],"tags":[],"class_list":["post-80074","post","type-post","status-publish","format-standard","hentry","category-actualite","category-tunisie"],"_links":{"self":[{"href":"https:\/\/linitiative.ca\/International\/wp-json\/wp\/v2\/posts\/80074","targetHints":{"allow":["GET"]}}],"collection":[{"href":"https:\/\/linitiative.ca\/International\/wp-json\/wp\/v2\/posts"}],"about":[{"href":"https:\/\/linitiative.ca\/International\/wp-json\/wp\/v2\/types\/post"}],"author":[{"embeddable":true,"href":"https:\/\/linitiative.ca\/International\/wp-json\/wp\/v2\/users\/1772"}],"replies":[{"embeddable":true,"href":"https:\/\/linitiative.ca\/International\/wp-json\/wp\/v2\/comments?post=80074"}],"version-history":[{"count":0,"href":"https:\/\/linitiative.ca\/International\/wp-json\/wp\/v2\/posts\/80074\/revisions"}],"wp:attachment":[{"href":"https:\/\/linitiative.ca\/International\/wp-json\/wp\/v2\/media?parent=80074"}],"wp:term":[{"taxonomy":"category","embeddable":true,"href":"https:\/\/linitiative.ca\/International\/wp-json\/wp\/v2\/categories?post=80074"},{"taxonomy":"post_tag","embeddable":true,"href":"https:\/\/linitiative.ca\/International\/wp-json\/wp\/v2\/tags?post=80074"}],"curies":[{"name":"wp","href":"https:\/\/api.w.org\/{rel}","templated":true}]}}