{"id":80079,"date":"2020-03-24T13:32:14","date_gmt":"2020-03-24T17:32:14","guid":{"rendered":"https:\/\/linitiative.ca\/International\/coronavirus-27-nouveaux-cas-confirmes-170-au-total-ce-mardi-24-mars-a-18h00\/"},"modified":"2020-03-24T13:32:14","modified_gmt":"2020-03-24T17:32:14","slug":"coronavirus-27-nouveaux-cas-confirmes-170-au-total-ce-mardi-24-mars-a-18h00","status":"publish","type":"post","link":"https:\/\/linitiative.ca\/International\/coronavirus-27-nouveaux-cas-confirmes-170-au-total-ce-mardi-24-mars-a-18h00\/","title":{"rendered":"Coronavirus : 27 nouveaux cas confirm\u00e9s, 170 au total, ce mardi 24 mars \u00e0 18H00"},"content":{"rendered":"<p><strong>27 nouveaux cas d\u2019infection positifs au Coronavirus ont \u00e9t\u00e9 enregistr\u00e9s portant \u00e0 170 le nombre de cas recens\u00e9s au Maroc jusqu\u2019\u00e0 mardi \u00e0 18h00, annonce le minist\u00e8re de la Sant\u00e9.<\/strong><\/p>\n<div class=\"c10\"\/>\n<p>Le ministre de la Sant\u00e9, Khalid Ait Taleb annonce \u00e9galement la gu\u00e9rison de trois nouveaux patients, portant le nombre de gu\u00e9risons \u00e0 6. Le Royaume d\u00e9plore 5 d\u00e9c\u00e8s li\u00e9s au Coronavirus.<\/p>\n<p><img decoding=\"async\" src=\"https:\/\/www.challenge.ma\/wp-content\/uploads\/2020\/03\/Capture.png\" alt=\"\" class=\"wp-image-134171\" srcset=\"https:\/\/www.challenge.ma\/wp-content\/uploads\/2020\/03\/Capture.png 435w, https:\/\/www.challenge.ma\/wp-content\/uploads\/2020\/03\/Capture-150x150.png 150w, https:\/\/www.challenge.ma\/wp-content\/uploads\/2020\/03\/Capture-300x297.png 300w, https:\/\/www.challenge.ma\/wp-content\/uploads\/2020\/03\/Capture-360x357.png 360w, https:\/\/www.challenge.ma\/wp-content\/uploads\/2020\/03\/Capture-60x60.png 60w\" sizes=\"(max-width: 435px) 100vw, 435px\"\/><img decoding=\"async\" src=\"https:\/\/www.challenge.ma\/wp-content\/uploads\/2020\/03\/Capturehhh.png\" alt=\"\" class=\"wp-image-134172\" srcset=\"https:\/\/www.challenge.ma\/wp-content\/uploads\/2020\/03\/Capturehhh.png 501w, https:\/\/www.challenge.ma\/wp-content\/uploads\/2020\/03\/Capturehhh-300x183.png 300w, https:\/\/www.challenge.ma\/wp-content\/uploads\/2020\/03\/Capturehhh-360x220.png 360w\" sizes=\"(max-width: 501px) 100vw, 501px\"\/><\/p>\n<div class=\"c17\">\n<fieldset class=\"c16\">\n<legend><strong><span class=\"c11\">Challenge<\/span><span class=\"c12\">news<\/span><\/strong><\/legend>\n<div class=\"c15\">Le meilleur de Challenge s\u00e9lectionn\u00e9 par la r\u00e9daction :<\/p>\n<\/div>\n<\/fieldset>\n<\/div>\n<p>Auteur: challenge<br \/>\n<a href=\"https:\/\/www.challenge.ma\/coronavirus-27-nouveaux-cas-confirmes-170-au-total-ce-mardi-24-mars-a-18h00-134168\/\">Cliquez ici pour lire l&rsquo;article depuis sa source.<\/a><\/p>\n","protected":false},"excerpt":{"rendered":"<p>27 nouveaux cas d\u2019infection positifs au Coronavirus ont \u00e9t\u00e9 enregistr\u00e9s portant \u00e0 170 le nombre de cas recens\u00e9s au Maroc jusqu\u2019\u00e0 mardi \u00e0 18h00, annonce le minist\u00e8re de la Sant\u00e9. Le ministre de la Sant\u00e9, Khalid Ait Taleb annonce \u00e9galement la gu\u00e9rison de trois nouveaux patients, portant le nombre de gu\u00e9risons \u00e0 6. Le Royaume [&hellip;]<\/p>\n","protected":false},"author":1787,"featured_media":80080,"comment_status":"closed","ping_status":"closed","sticky":false,"template":"","format":"standard","meta":{"fifu_image_url":"","fifu_image_alt":"","footnotes":""},"categories":[78,54],"tags":[],"class_list":["post-80079","post","type-post","status-publish","format-standard","has-post-thumbnail","hentry","category-economie","category-maroc"],"_links":{"self":[{"href":"https:\/\/linitiative.ca\/International\/wp-json\/wp\/v2\/posts\/80079","targetHints":{"allow":["GET"]}}],"collection":[{"href":"https:\/\/linitiative.ca\/International\/wp-json\/wp\/v2\/posts"}],"about":[{"href":"https:\/\/linitiative.ca\/International\/wp-json\/wp\/v2\/types\/post"}],"author":[{"embeddable":true,"href":"https:\/\/linitiative.ca\/International\/wp-json\/wp\/v2\/users\/1787"}],"replies":[{"embeddable":true,"href":"https:\/\/linitiative.ca\/International\/wp-json\/wp\/v2\/comments?post=80079"}],"version-history":[{"count":0,"href":"https:\/\/linitiative.ca\/International\/wp-json\/wp\/v2\/posts\/80079\/revisions"}],"wp:featuredmedia":[{"embeddable":true,"href":"https:\/\/linitiative.ca\/International\/wp-json\/"}],"wp:attachment":[{"href":"https:\/\/linitiative.ca\/International\/wp-json\/wp\/v2\/media?parent=80079"}],"wp:term":[{"taxonomy":"category","embeddable":true,"href":"https:\/\/linitiative.ca\/International\/wp-json\/wp\/v2\/categories?post=80079"},{"taxonomy":"post_tag","embeddable":true,"href":"https:\/\/linitiative.ca\/International\/wp-json\/wp\/v2\/tags?post=80079"}],"curies":[{"name":"wp","href":"https:\/\/api.w.org\/{rel}","templated":true}]}}