{"id":80086,"date":"2020-03-24T16:29:56","date_gmt":"2020-03-24T20:29:56","guid":{"rendered":"https:\/\/linitiative.ca\/International\/report-des-echeances-fiscales-les-clarifications-de-chakib-alj\/"},"modified":"2020-03-24T16:29:56","modified_gmt":"2020-03-24T20:29:56","slug":"report-des-echeances-fiscales-les-clarifications-de-chakib-alj","status":"publish","type":"post","link":"https:\/\/linitiative.ca\/International\/report-des-echeances-fiscales-les-clarifications-de-chakib-alj\/","title":{"rendered":"Report des \u00e9ch\u00e9ances fiscales: Les clarifications de Chakib Alj"},"content":{"rendered":"<p><strong>On en sait un peu plus sur les mesures exceptionnelles d\u2019aides qui ont \u00e9t\u00e9 annonc\u00e9es ces derniers jours en faveur des TMPE. Dans une lettre adress\u00e9e aux membres de la CGEM, le patron des patrons, Chakib Alj, a tenu \u00e0 les rassurer.<\/strong><\/p>\n<div class=\"c10\"\/>\n<p>Selon Chakib Alj, en ces moments difficiles pour le Maroc, comme pour le reste du monde, la CGEM, \u00e0 travers ses instances, est parfaitement mobilis\u00e9e et travaille en bonne harmonie avec les pouvoirs publics pour trouver des solutions pour nos collaborateurs et pour nos entreprises. \u00ab Le Comit\u00e9 de Veille \u00c9conomique continue de se r\u00e9unir et de travailler \u00e0 l\u2019op\u00e9rationnalisation de l\u2019ensemble des mesures. C\u2019est parce que ce travail n\u2019est pas totalement abouti que nous n\u2019avons pas encore communiqu\u00e9 formellement sur toutes les d\u00e9cisions prises \u00bb, a-t-il indiqu\u00e9. Aussi, Chakib Alj a rappel\u00e9 la position du patronat quant aux \u00e9ch\u00e9ances fiscales du 31 mars 2020. Il a \u00e9t\u00e9 convenu que les TPE et PME ayant un chiffre d\u2019affaire de moins de 20 MDhs b\u00e9n\u00e9ficient d\u2019un report au 30 juin 2020. Ceci est d\u00e9cid\u00e9 et ent\u00e9rin\u00e9, a-t-il pr\u00e9cis\u00e9.<\/p>\n<p>Apr\u00e8s avoir rappel\u00e9 que le d\u00e9cret-loi n\u00b02.20.292 portant sur les dispositions de l\u2019\u00e9tat d\u2019urgence sanitaire, adopt\u00e9 ce lundi 23 mars par les membres des deux commissions de l\u2019Int\u00e9rieur au Parlement, stipule dans son article 6 que \u201csont suspendus tous les d\u00e9lais pr\u00e9vus dans les textes l\u00e9gislatifs et r\u00e9glementaires en vigueur pendant la p\u00e9riode de l\u2019\u00e9tat d\u2019urgence sanitaire\u201d, le patron des patrons a consid\u00e9r\u00e9 que \u00ab tous les d\u00e9lais l\u00e9gaux, notamment fiscaux, sont report\u00e9s au lendemain du 20 avril 2020 (fin de l\u2019\u00e9tat d\u2019urgence sanitaire), et donc que les entreprises de plus de 20 millions DH de chiffre d\u2019affaires peuvent reporter leurs d\u00e9clarations jusqu\u2019\u00e0 cette date \u00bb. Et de rappeler tout de m\u00eame que la DGI, contact\u00e9e par la CGEM, a une lecture diff\u00e9rente de ce d\u00e9cret-loi et de ce fait ne consid\u00e8re pas le report comme un droit acquis.<\/p>\n<p>En tout \u00e9tat de cause, Chakib Alj a fait appel \u00e0 la responsabilit\u00e9 de toutes les entreprises priv\u00e9es, dont la situation financi\u00e8re le permet, pour qu\u2019ils s\u2019acquittent de leur devoir fiscal au 31 mars. Pour ceux qui, du fait de la crise, ne le peuvent pas, il leur demande de constituer un dossier pour justifier \u00e0 posteriori leur position aupr\u00e8s de la DGI.<\/p>\n<div class=\"c17\">\n<fieldset class=\"c16\">\n<legend><strong><span class=\"c11\">Challenge<\/span><span class=\"c12\">news<\/span><\/strong><\/legend>\n<div class=\"c15\">Le meilleur de Challenge s\u00e9lectionn\u00e9 par la r\u00e9daction :<\/p>\n<\/div>\n<\/fieldset>\n<\/div>\n<p>Auteur: challenge<br \/>\n<a href=\"https:\/\/www.challenge.ma\/report-des-echeances-fiscales-les-clarifications-de-chakib-alj-134232\/\">Cliquez ici pour lire l&rsquo;article depuis sa source.<\/a><\/p>\n","protected":false},"excerpt":{"rendered":"<p>On en sait un peu plus sur les mesures exceptionnelles d\u2019aides qui ont \u00e9t\u00e9 annonc\u00e9es ces derniers jours en faveur des TMPE. Dans une lettre adress\u00e9e aux membres de la CGEM, le patron des patrons, Chakib Alj, a tenu \u00e0 les rassurer. Selon Chakib Alj, en ces moments difficiles pour le Maroc, comme pour le [&hellip;]<\/p>\n","protected":false},"author":1787,"featured_media":0,"comment_status":"closed","ping_status":"closed","sticky":false,"template":"","format":"standard","meta":{"fifu_image_url":"","fifu_image_alt":"","footnotes":""},"categories":[78,54],"tags":[],"class_list":["post-80086","post","type-post","status-publish","format-standard","hentry","category-economie","category-maroc"],"_links":{"self":[{"href":"https:\/\/linitiative.ca\/International\/wp-json\/wp\/v2\/posts\/80086","targetHints":{"allow":["GET"]}}],"collection":[{"href":"https:\/\/linitiative.ca\/International\/wp-json\/wp\/v2\/posts"}],"about":[{"href":"https:\/\/linitiative.ca\/International\/wp-json\/wp\/v2\/types\/post"}],"author":[{"embeddable":true,"href":"https:\/\/linitiative.ca\/International\/wp-json\/wp\/v2\/users\/1787"}],"replies":[{"embeddable":true,"href":"https:\/\/linitiative.ca\/International\/wp-json\/wp\/v2\/comments?post=80086"}],"version-history":[{"count":0,"href":"https:\/\/linitiative.ca\/International\/wp-json\/wp\/v2\/posts\/80086\/revisions"}],"wp:attachment":[{"href":"https:\/\/linitiative.ca\/International\/wp-json\/wp\/v2\/media?parent=80086"}],"wp:term":[{"taxonomy":"category","embeddable":true,"href":"https:\/\/linitiative.ca\/International\/wp-json\/wp\/v2\/categories?post=80086"},{"taxonomy":"post_tag","embeddable":true,"href":"https:\/\/linitiative.ca\/International\/wp-json\/wp\/v2\/tags?post=80086"}],"curies":[{"name":"wp","href":"https:\/\/api.w.org\/{rel}","templated":true}]}}