{"id":80089,"date":"2020-03-24T15:40:17","date_gmt":"2020-03-24T19:40:17","guid":{"rendered":"https:\/\/linitiative.ca\/International\/tunisie-un-hopital-entierement-consacre-a-la-prise-en-charge-des-malades-de-coronavirus\/"},"modified":"2020-03-24T15:40:17","modified_gmt":"2020-03-24T19:40:17","slug":"tunisie-un-hopital-entierement-consacre-a-la-prise-en-charge-des-malades-de-coronavirus","status":"publish","type":"post","link":"https:\/\/linitiative.ca\/International\/tunisie-un-hopital-entierement-consacre-a-la-prise-en-charge-des-malades-de-coronavirus\/","title":{"rendered":"Tunisie \u2013 Un h\u00f4pital enti\u00e8rement consacr\u00e9 \u00e0 la prise en charge des malades de coronavirus"},"content":{"rendered":"<div class=\"post-cont-in left relative\">\n<p>L\u2019ancienne ministre de la Sant\u00e9 et praticienne \u00e0 l\u2019h\u00f4pital de pneumologie Abderrahman Mami de l\u2019Ariana, Samira Mara\u00e2i, a annonc\u00e9 ce mardi, que la structure sera, \u00e0 partir de demain mercredi, compl\u00e8tement consacr\u00e9e \u00e0 la prise en charge des malades atteints de <a href=\"https:\/\/www.tunisienumerique.com\/tunisie-actualite\/coronavirus\/\" title=\"coronavirus\" target=\"_top\" class=\"auto-link\" rel=\"noopener noreferrer\">coronavirus<\/a>.<\/p>\n<div class=\"code-block code-block-1 c3\"><ins class=\"adsbygoogle c2\" data-ad-layout=\"in-article\" data-ad-format=\"fluid\" data-ad-client=\"ca-pub-2102118777505746\" data-ad-slot=\"7301775417\"\/> <\/div>\n<p>Les malades qui \u00e9taient hospitalis\u00e9s seront transf\u00e9r\u00e9s dans d\u2019autres structures comme les h\u00f4pitaux de La Rabta, Charles Nicole et La Marsa.<\/p>\n<p>Elle a ajout\u00e9 que le personnel m\u00e9dical et param\u00e9dical de l\u2019h\u00f4pital sera confin\u00e9 \u00e0 l\u2019int\u00e9rirur de l\u2019\u00e9tablissement pendant 14 jours.<\/p>\n<div class=\"swp_social_panel swp_horizontal_panel swp_flat_fresh swp_default_full_color swp_individual_full_color swp_other_full_color scale-100 scale-\" data-min-width=\"1100\" data-float-color=\"#ffffff\" data-float=\"bottom\" data-float-mobile=\"bottom\" data-transition=\"slide\">\n<div class=\"nc_tweetContainer swp_share_button total_shares total_sharesalt\"><span class=\"swp_count\">89 <span class=\"swp_label\">Partages<\/span><\/span><\/div>\n<\/div>\n<p><strong>Que se passe-t-il en Tunisie?<\/strong><br \/>Nous expliquons sur notre <a href=\"https:\/\/www.youtube.com\/channel\/UCRzypVq0B_yBad5eGrwBx0Q?sub_confirmation=1\" target=\"_blank\" rel=\"noopener noreferrer\">cha\u00eene YouTube<\/a> . <a href=\"https:\/\/www.youtube.com\/channel\/UCRzypVq0B_yBad5eGrwBx0Q?sub_confirmation=1\" target=\"_blank\" rel=\"noopener noreferrer\">Abonnez-vous!<\/a><\/p>\n<div class=\"mvp-org-wrap mvp-org-logo\" itemprop=\"publisher\" itemscope=\"\" itemtype=\"https:\/\/schema.org\/Organization\"><img decoding=\"async\" src=\"https:\/\/www.tunisienumerique.com\/wp-content\/uploads\/2017\/02\/logo_tunisie_numerique.png\"\/><\/div>\n<div class=\"mvp-related-posts left relative\">\n<h4 class=\"post-header\"><span class=\"post-header\">Lire aussi<\/span><\/h4>\n<\/div>\n<div id=\"article-ad\"><ins class=\"adsbygoogle c4\" data-ad-client=\"ca-pub-2102118777505746\" data-ad-slot=\"6513972734\" data-ad-format=\"auto\" data-full-width-responsive=\"true\"\/> <\/div>\n<\/div>\n<div id=\"post-sidebar-wrap\"><ins class=\"adsbygoogle c4\" data-ad-client=\"ca-pub-2102118777505746\" data-ad-slot=\"6168283410\" data-ad-format=\"auto\" data-full-width-responsive=\"true\"\/> <\/div>\n<p>Auteur: LM<br \/>\n<a href=\"https:\/\/www.tunisienumerique.com\/tunisie-un-hopital-entierement-consacre-a-la-prise-en-charge-des-malades-de-coronavirus\/\">Cliquez ici pour lire l&rsquo;article depuis sa source.<\/a><\/p>\n","protected":false},"excerpt":{"rendered":"<p>L\u2019ancienne ministre de la Sant\u00e9 et praticienne \u00e0 l\u2019h\u00f4pital de pneumologie Abderrahman Mami de l\u2019Ariana, Samira Mara\u00e2i, a annonc\u00e9 ce mardi, que la structure sera, \u00e0 partir de demain mercredi, compl\u00e8tement consacr\u00e9e \u00e0 la prise en charge des malades atteints de coronavirus. Les malades qui \u00e9taient hospitalis\u00e9s seront transf\u00e9r\u00e9s dans d\u2019autres structures comme les h\u00f4pitaux [&hellip;]<\/p>\n","protected":false},"author":1789,"featured_media":80090,"comment_status":"closed","ping_status":"closed","sticky":false,"template":"","format":"standard","meta":{"fifu_image_url":"","fifu_image_alt":"","footnotes":""},"categories":[73,55],"tags":[],"class_list":["post-80089","post","type-post","status-publish","format-standard","has-post-thumbnail","hentry","category-actualite","category-tunisie"],"_links":{"self":[{"href":"https:\/\/linitiative.ca\/International\/wp-json\/wp\/v2\/posts\/80089","targetHints":{"allow":["GET"]}}],"collection":[{"href":"https:\/\/linitiative.ca\/International\/wp-json\/wp\/v2\/posts"}],"about":[{"href":"https:\/\/linitiative.ca\/International\/wp-json\/wp\/v2\/types\/post"}],"author":[{"embeddable":true,"href":"https:\/\/linitiative.ca\/International\/wp-json\/wp\/v2\/users\/1789"}],"replies":[{"embeddable":true,"href":"https:\/\/linitiative.ca\/International\/wp-json\/wp\/v2\/comments?post=80089"}],"version-history":[{"count":0,"href":"https:\/\/linitiative.ca\/International\/wp-json\/wp\/v2\/posts\/80089\/revisions"}],"wp:featuredmedia":[{"embeddable":true,"href":"https:\/\/linitiative.ca\/International\/wp-json\/"}],"wp:attachment":[{"href":"https:\/\/linitiative.ca\/International\/wp-json\/wp\/v2\/media?parent=80089"}],"wp:term":[{"taxonomy":"category","embeddable":true,"href":"https:\/\/linitiative.ca\/International\/wp-json\/wp\/v2\/categories?post=80089"},{"taxonomy":"post_tag","embeddable":true,"href":"https:\/\/linitiative.ca\/International\/wp-json\/wp\/v2\/tags?post=80089"}],"curies":[{"name":"wp","href":"https:\/\/api.w.org\/{rel}","templated":true}]}}