{"id":80093,"date":"2020-03-24T16:50:09","date_gmt":"2020-03-24T20:50:09","guid":{"rendered":"https:\/\/linitiative.ca\/International\/la-tunisie-va-demarrer-la-prise-en-charge-des-cas-de-covid-19-par-la-chloroquine\/"},"modified":"2020-03-24T16:50:09","modified_gmt":"2020-03-24T20:50:09","slug":"la-tunisie-va-demarrer-la-prise-en-charge-des-cas-de-covid-19-par-la-chloroquine","status":"publish","type":"post","link":"https:\/\/linitiative.ca\/International\/la-tunisie-va-demarrer-la-prise-en-charge-des-cas-de-covid-19-par-la-chloroquine\/","title":{"rendered":"La Tunisie va d\u00e9marrer la prise en charge des cas de covid-19 par la chloroquine"},"content":{"rendered":"<div class=\"post-cont-in left relative\">\n<p>Le minist\u00e8re de la sant\u00e9 tunisien va, incessamment, commencer un protocole de traitement des patients atteins de <a href=\"https:\/\/www.tunisienumerique.com\/tunisie-actualite\/coronavirus\/\" title=\"coronavirus\" target=\"_top\" class=\"auto-link\" rel=\"noopener noreferrer\">coronavirus<\/a>, par la Chloroquine.<\/p>\n<div class=\"code-block code-block-1 c3\"><ins class=\"adsbygoogle c2\" data-ad-layout=\"in-article\" data-ad-format=\"fluid\" data-ad-client=\"ca-pub-2102118777505746\" data-ad-slot=\"7301775417\"\/> <\/div>\n<p>Ce choix pris par les autorit\u00e9s sanitaires tunisiennes vient en pleine p\u00e9riode de pol\u00e9mique autour de l\u2019efficacit\u00e9 et l\u2019innocuit\u00e9 de ce traitement, dans plusieurs pays du monde, comme la France, o\u00f9 les praticiens ont d\u00e9cid\u00e9 de d\u00e9marrer la prise en charge de leurs malades par ce traitement, alors que les autorit\u00e9s sanitaires du pays d\u00e9conseillent son usage.<\/p>\n<p><img loading=\"lazy\" decoding=\"async\" class=\"aligncenter size-full wp-image-506209\" src=\"https:\/\/www.tunisienumerique.com\/wp-content\/uploads\/2020\/03\/ineas.jpg\" alt=\"\" width=\"538\" height=\"763\"\/><\/p>\n<div class=\"swp_social_panel swp_horizontal_panel swp_flat_fresh swp_default_full_color swp_individual_full_color swp_other_full_color scale-100 scale-\" data-min-width=\"1100\" data-float-color=\"#ffffff\" data-float=\"bottom\" data-float-mobile=\"bottom\" data-transition=\"slide\">\n<div class=\"nc_tweetContainer swp_share_button total_shares total_sharesalt\"><span class=\"swp_count\">1 <span class=\"swp_label\">Partages<\/span><\/span><\/div>\n<\/div>\n<p><strong>Que se passe-t-il en Tunisie?<\/strong><br \/>Nous expliquons sur notre <a href=\"https:\/\/www.youtube.com\/channel\/UCRzypVq0B_yBad5eGrwBx0Q?sub_confirmation=1\" target=\"_blank\" rel=\"noopener noreferrer\">cha\u00eene YouTube<\/a> . <a href=\"https:\/\/www.youtube.com\/channel\/UCRzypVq0B_yBad5eGrwBx0Q?sub_confirmation=1\" target=\"_blank\" rel=\"noopener noreferrer\">Abonnez-vous!<\/a><\/p>\n<div class=\"mvp-org-wrap mvp-org-logo\" itemprop=\"publisher\" itemscope=\"\" itemtype=\"https:\/\/schema.org\/Organization\"><img decoding=\"async\" src=\"https:\/\/www.tunisienumerique.com\/wp-content\/uploads\/2017\/02\/logo_tunisie_numerique.png\"\/><\/div>\n<div class=\"mvp-related-posts left relative\">\n<h4 class=\"post-header\"><span class=\"post-header\">Lire aussi<\/span><\/h4>\n<\/div>\n<div id=\"article-ad\"><ins class=\"adsbygoogle c4\" data-ad-client=\"ca-pub-2102118777505746\" data-ad-slot=\"6513972734\" data-ad-format=\"auto\" data-full-width-responsive=\"true\"\/> <\/div>\n<\/div>\n<div id=\"post-sidebar-wrap\"><ins class=\"adsbygoogle c4\" data-ad-client=\"ca-pub-2102118777505746\" data-ad-slot=\"6168283410\" data-ad-format=\"auto\" data-full-width-responsive=\"true\"\/> <\/div>\n<p>Auteur: LM<br \/>\n<a href=\"https:\/\/www.tunisienumerique.com\/la-tunisie-va-demarrer-la-prise-en-charge-des-cas-de-covid-19-par-la-chloroquine\/\">Cliquez ici pour lire l&rsquo;article depuis sa source.<\/a><\/p>\n","protected":false},"excerpt":{"rendered":"<p>Le minist\u00e8re de la sant\u00e9 tunisien va, incessamment, commencer un protocole de traitement des patients atteins de coronavirus, par la Chloroquine. Ce choix pris par les autorit\u00e9s sanitaires tunisiennes vient en pleine p\u00e9riode de pol\u00e9mique autour de l\u2019efficacit\u00e9 et l\u2019innocuit\u00e9 de ce traitement, dans plusieurs pays du monde, comme la France, o\u00f9 les praticiens ont [&hellip;]<\/p>\n","protected":false},"author":1789,"featured_media":80094,"comment_status":"closed","ping_status":"closed","sticky":false,"template":"","format":"standard","meta":{"fifu_image_url":"","fifu_image_alt":"","footnotes":""},"categories":[73,55],"tags":[],"class_list":["post-80093","post","type-post","status-publish","format-standard","has-post-thumbnail","hentry","category-actualite","category-tunisie"],"_links":{"self":[{"href":"https:\/\/linitiative.ca\/International\/wp-json\/wp\/v2\/posts\/80093","targetHints":{"allow":["GET"]}}],"collection":[{"href":"https:\/\/linitiative.ca\/International\/wp-json\/wp\/v2\/posts"}],"about":[{"href":"https:\/\/linitiative.ca\/International\/wp-json\/wp\/v2\/types\/post"}],"author":[{"embeddable":true,"href":"https:\/\/linitiative.ca\/International\/wp-json\/wp\/v2\/users\/1789"}],"replies":[{"embeddable":true,"href":"https:\/\/linitiative.ca\/International\/wp-json\/wp\/v2\/comments?post=80093"}],"version-history":[{"count":0,"href":"https:\/\/linitiative.ca\/International\/wp-json\/wp\/v2\/posts\/80093\/revisions"}],"wp:featuredmedia":[{"embeddable":true,"href":"https:\/\/linitiative.ca\/International\/wp-json\/"}],"wp:attachment":[{"href":"https:\/\/linitiative.ca\/International\/wp-json\/wp\/v2\/media?parent=80093"}],"wp:term":[{"taxonomy":"category","embeddable":true,"href":"https:\/\/linitiative.ca\/International\/wp-json\/wp\/v2\/categories?post=80093"},{"taxonomy":"post_tag","embeddable":true,"href":"https:\/\/linitiative.ca\/International\/wp-json\/wp\/v2\/tags?post=80093"}],"curies":[{"name":"wp","href":"https:\/\/api.w.org\/{rel}","templated":true}]}}