{"id":80097,"date":"2020-03-24T13:18:07","date_gmt":"2020-03-24T17:18:07","guid":{"rendered":"https:\/\/linitiative.ca\/International\/manif-contre-la-fermeture-des-mosquees-au-niger\/"},"modified":"2020-03-24T13:18:07","modified_gmt":"2020-03-24T17:18:07","slug":"manif-contre-la-fermeture-des-mosquees-au-niger","status":"publish","type":"post","link":"https:\/\/linitiative.ca\/International\/manif-contre-la-fermeture-des-mosquees-au-niger\/","title":{"rendered":"MANIF CONTRE LA FERMETURE DES MOSQUEES AU NIGER"},"content":{"rendered":"<div class=\"stream-item stream-item-above-post-content\">\n<p><noscript><\/p>\n<p><a href=\"\/\/www3.smartadserver.com\/ac?jump=1&amp;nwid=2136&amp;siteid=240610&amp;pgname=rg&amp;fmtid=49046&amp;visit=m&amp;tmstp=[timestamp]&amp;out=nonrich\" target=\"_blank\" rel=\"noopener noreferrer\"><img decoding=\"async\" src=\"http:\/\/www3.smartadserver.com\/ac?out=nonrich&amp;nwid=2136&amp;siteid=240610&amp;pgname=rg&amp;fmtid=49046&amp;visit=m&amp;tmstp=[timestamp]\" border=\"0\" alt=\"\"\/><\/a><\/p>\n<p><\/noscript><\/div>\n<p class=\"c3\"><em>Depuis que le coronavirus a atteint le continent africain, les pays touch\u00e9s ne cessent de multiplier les mesures pr\u00e9ventives contre \u00ab\u00a0ce mal qui r\u00e9pand la terreur\u00a0\u00bb \u00e0 travers le monde. Mais au Niger o\u00f9 deux cas positifs ont \u00e9t\u00e9 d\u00e9tect\u00e9s avec \u00e0 la cl\u00e9 90 personnes plac\u00e9es en quarantaine, \u00e0 la date du 22 mars 2020, certaines mesures, notamment la fermeture des mosqu\u00e9es, passent mal aupr\u00e8s des citoyens. Pas plus tard que le lundi dernier, des jeunes arm\u00e9s de gourdins, de b\u00e2tons, etc., ont pris d\u2019assaut certains commissariats qu\u2019ils ont saccag\u00e9s pour exprimer leur opposition et exiger la lib\u00e9ration d\u2019un imam interpell\u00e9, qui n\u2019aurait pas respect\u00e9 la mesure relative \u00e0 la fermeture des mosqu\u00e9es. C\u2019est dire si Mahamadou Issoufou a du pain sur la planche. On est d\u2019autant plus fond\u00e9 \u00e0 le penser que ces jeunes qui devaient servir de boussole aux plus \u00e2g\u00e9s, parce que connect\u00e9s aux nouvelles technologies de communication, semblent plut\u00f4t gagn\u00e9s par l\u2019obscurantisme. On peut comprendre que certaines mesures ne fassent pas consensus mais de l\u00e0 \u00e0 battre le macadam pour s\u2019opposer \u00e0 l\u2019application de mesures qui, pour l\u2019heure, constituent la seule v\u00e9ritable arme pour limiter la propagation du virus, c\u2019est \u00e0 ne rien y comprendre. En tout cas, il faut plaindre Mahamadou Issoufou face \u00e0 ces jeunes qui semblent marcher sur leur t\u00eate. Car, on le sait, la fermeture des mosqu\u00e9es et autres lieux de culte n\u2019a pas commenc\u00e9 par le Niger. Des dirigeants comme Macky Sall du S\u00e9n\u00e9gal, Idriss D\u00e9by Itno du Tchad, le roi du Maroc, Mohammed VI, ont d\u00e9j\u00e0 fait fermer les mosqu\u00e9es, les \u00e9glises, les temples et autres lieux de culte sans que cela ne provoque une quelconque bronca. Pourquoi ces mesures ne passent-elles pas au Niger ? En attendant de conna\u00eetre les vraies motivations de ces jeunes, l\u2019Etat doit s\u00e9vir pour l\u2019exemple. Car, ces jeunes qui croient d\u00e9fendre la religion ne sont ni plus ni moins que des vandales qui m\u00e9ritent d\u2019\u00eatre trait\u00e9s comme tels.<\/em><\/p>\n<p class=\"c3\"><strong><em>L\u2019Etat nig\u00e9rien doit mettre un point d\u2019honneur \u00e0 renforcer sa strat\u00e9gie de sensibilisation<\/em><\/strong><\/p>\n<p class=\"c3\"><em>Certes, le gouvernement a peut-\u00eatre p\u00e9ch\u00e9 par la mani\u00e8re en ne faisant pas en amont suffisamment de sensibilisation, mais cela ne saurait justifier une telle pouss\u00e9e de fi\u00e8vre. En tout cas, ces croquants ont d\u2019autant plus tort que l\u2019Etat nig\u00e9rien n\u2019a fait que faire de la pr\u00e9vention. Et l\u2019on devrait plut\u00f4t le f\u00e9liciter pour cet esprit d\u2019anticipation. Ne dit-on pas que mieux vaut pr\u00e9venir que gu\u00e9rir\u00a0? Face \u00e0 un mal qui fait courir le monde entier, qui met \u00e0 rude \u00e9preuve les syst\u00e8mes de sant\u00e9 de tous les Etats, que peut-on faire si ce n\u2019est la pr\u00e9vention, \u00e9tant donn\u00e9 qu\u2019aucun rem\u00e8de ou vaccin n\u2019est disponible pour l\u2019heure\u00a0? Cela dit, tout en condamnant l\u2019indiscipline caract\u00e9ris\u00e9e de ces jeunes, l\u2019Etat nig\u00e9rien doit mettre un point d\u2019honneur \u00e0 renforcer sa strat\u00e9gie de sensibilisation. Cela est d\u2019autant plus n\u00e9cessaire que sans l\u2019adh\u00e9sion des citoyens, aucune mesure pr\u00e9ventive ne saurait \u00eatre efficace. Face \u00e0 un peuple visiblement r\u00e9fractaire au changement d\u2019attitudes, l\u2019apport des Oul\u00e9mas et pr\u00e9lats s\u2019av\u00e8re n\u00e9cessaire. Car, il y a fort \u00e0 parier que si la fermeture des mosqu\u00e9es avait \u00e9t\u00e9 d\u00e9cid\u00e9e et annonc\u00e9e par la communaut\u00e9 musulmane elle-m\u00eame comme ce fut le cas dans certains pays comme le Burkina, on n\u2019en serait peut-\u00eatre pas l\u00e0.<\/em><\/p>\n<p class=\"c3\"><strong><em>Dabadi ZOUMBARA<\/em><\/strong><\/p>\n<p>Auteur: Le Pays<br \/>\n<a href=\"http:\/\/lepays.bf\/manif-contre-la-fermeture-des-mosquees-au-niger\/\">Cliquez ici pour lire l&rsquo;article depuis sa source.<\/a><\/p>\n","protected":false},"excerpt":{"rendered":"<p>Depuis que le coronavirus a atteint le continent africain, les pays touch\u00e9s ne cessent de multiplier les mesures pr\u00e9ventives contre \u00ab\u00a0ce mal qui r\u00e9pand la terreur\u00a0\u00bb \u00e0 travers le monde. Mais au Niger o\u00f9 deux cas positifs ont \u00e9t\u00e9 d\u00e9tect\u00e9s avec \u00e0 la cl\u00e9 90 personnes plac\u00e9es en quarantaine, \u00e0 la date du 22 mars [&hellip;]<\/p>\n","protected":false},"author":1813,"featured_media":0,"comment_status":"closed","ping_status":"closed","sticky":false,"template":"","format":"standard","meta":{"fifu_image_url":"","fifu_image_alt":"","footnotes":""},"categories":[73,81],"tags":[],"class_list":["post-80097","post","type-post","status-publish","format-standard","hentry","category-actualite","category-burkina-faso"],"_links":{"self":[{"href":"https:\/\/linitiative.ca\/International\/wp-json\/wp\/v2\/posts\/80097","targetHints":{"allow":["GET"]}}],"collection":[{"href":"https:\/\/linitiative.ca\/International\/wp-json\/wp\/v2\/posts"}],"about":[{"href":"https:\/\/linitiative.ca\/International\/wp-json\/wp\/v2\/types\/post"}],"author":[{"embeddable":true,"href":"https:\/\/linitiative.ca\/International\/wp-json\/wp\/v2\/users\/1813"}],"replies":[{"embeddable":true,"href":"https:\/\/linitiative.ca\/International\/wp-json\/wp\/v2\/comments?post=80097"}],"version-history":[{"count":0,"href":"https:\/\/linitiative.ca\/International\/wp-json\/wp\/v2\/posts\/80097\/revisions"}],"wp:attachment":[{"href":"https:\/\/linitiative.ca\/International\/wp-json\/wp\/v2\/media?parent=80097"}],"wp:term":[{"taxonomy":"category","embeddable":true,"href":"https:\/\/linitiative.ca\/International\/wp-json\/wp\/v2\/categories?post=80097"},{"taxonomy":"post_tag","embeddable":true,"href":"https:\/\/linitiative.ca\/International\/wp-json\/wp\/v2\/tags?post=80097"}],"curies":[{"name":"wp","href":"https:\/\/api.w.org\/{rel}","templated":true}]}}