{"id":80098,"date":"2020-03-24T12:37:23","date_gmt":"2020-03-24T16:37:23","guid":{"rendered":"https:\/\/linitiative.ca\/International\/covid-19-au-burkina-faso-15-nouveaux-cas-confirmes\/"},"modified":"2020-03-24T12:37:23","modified_gmt":"2020-03-24T16:37:23","slug":"covid-19-au-burkina-faso-15-nouveaux-cas-confirmes","status":"publish","type":"post","link":"https:\/\/linitiative.ca\/International\/covid-19-au-burkina-faso-15-nouveaux-cas-confirmes\/","title":{"rendered":"Covid-19 au Burkina Faso\u00a0: 15 nouveaux cas confirm\u00e9s"},"content":{"rendered":"<div class=\"td-post-featured-image\"><a href=\"https:\/\/i0.wp.com\/www.sidwaya.info\/wp-content\/uploads\/2020\/03\/sig.jpg?fit=719%2C480&amp;ssl=1\" data-caption=\"\"><img loading=\"lazy\" decoding=\"async\" width=\"696\" height=\"465\" class=\"entry-thumb td-modal-image\" src=\"https:\/\/i0.wp.com\/www.sidwaya.info\/wp-content\/uploads\/2020\/03\/sig.jpg?resize=696,465&amp;ssl=1\" srcset=\"https:\/\/i0.wp.com\/www.sidwaya.info\/wp-content\/uploads\/2020\/03\/sig.jpg?w=719&amp;ssl=1 719w, https:\/\/i0.wp.com\/www.sidwaya.info\/wp-content\/uploads\/2020\/03\/sig.jpg?resize=300%2C200&amp;ssl=1 300w, https:\/\/i0.wp.com\/www.sidwaya.info\/wp-content\/uploads\/2020\/03\/sig.jpg?resize=696,465&amp;ssl=1 696w, https:\/\/i0.wp.com\/www.sidwaya.info\/wp-content\/uploads\/2020\/03\/sig.jpg?resize=629%2C420&amp;ssl=1 629w, https:\/\/i0.wp.com\/www.sidwaya.info\/wp-content\/uploads\/2020\/03\/sig.jpg?resize=600%2C401&amp;ssl=1 600w\" sizes=\"auto, (max-width: 696px) 100vw, 696px\" alt=\"\" title=\"sig\"\/><\/a><\/div>\n<p><strong>La cellule de veille a fait le point de la situation de l\u2019\u00e9volution de la pand\u00e9mie du Coronavirus, le 24 mars 2020 en pr\u00e9sence du ministre en charge de la Communication, Remis Fulgance Dandjinou. Du point fait, il ressort que le nombre de cas est pass\u00e9 \u00e0 114 soit 15 nouveaux cas et deux \u00a0gu\u00e9risons.<\/strong><\/p>\n<p>Le Burkina Faso vient de d\u00e9passer la barre des 100 cas confirm\u00e9s du Covid-19. En effet, du bilan fait le 24 mars 2020, par le Coordonnateur national de la r\u00e9ponse \u00e0 l\u2019\u00e9pid\u00e9mie de Covid-19, le Pr Martial Ou\u00e9draogo affiche un effectif de 114 (41 femmes et 73 hommes) cas confirm\u00e9s \u00e0 la date du 23 mars soit 15 nouveaux cas et deux gu\u00e9risons portant \u00e0 7 le nombre de personnes gu\u00e9ries depuis le d\u00e9but. Parmi les 15 nouveaux cas, 8 cas ont \u00e9t\u00e9 enregistr\u00e9s \u00e0 Ouagadougou, 4 \u00e0 Boromo, 2 \u00e0 Bobo-Dioulasso et un \u00e0 Hound\u00e9. <em>\u00ab\u00a0A la date du 23 mars, nous avons 114 cas positifs dont 96 \u00e0 Ouagadougou, 6 \u00e0 Bobo-Dioulasso, 6 \u00e0 Boromo, 2 \u00e0 D\u00e9dougou, 2 \u00e0 Hound\u00e9, un \u00e0 Manga et un \u00e0 Banfora\u00a0\u00bb<\/em>, a pr\u00e9cis\u00e9 Pr Martial Ou\u00e9draogo. A propos des personnes gu\u00e9ries, Pr Ou\u00e9draogo a confi\u00e9 qu\u2019il s\u2019agit d\u2019une femme membre du comit\u00e9 de prise en charge et du patient de Hound\u00e9, un jeune de 26 ans. A la question de savoir si le personnel soignant ne sera pas d\u00e9bord\u00e9 vu que les chiffres augmentent au jour le jour, le conf\u00e9rencier a d\u00e9clar\u00e9 qu\u2019une \u00e9quipe de 30 personnes a \u00e9t\u00e9 mise en place. Et cette \u00e9quipe se relaient toutes les 8 heures et tous les postes sont jusqu\u2019\u00e0 l\u2019heure fonctionnels. <em>\u00ab\u00a0La chaine de transmission communautaire est la chaine par laquelle le virus se propage. Et un malade infecte potentiellement 3 autres. Le Covid-19 touche toutes les tranches de la population. Il s\u2019agit d\u2019une urgence sanitaire\u00a0\u00bb<\/em>, a dit le ministre de la communication, porte-parole du gouvernement, Remis Fulgance Dandjinou. \u00a0Parlant de la fermeture des march\u00e9s et yaars, le Porte-parole du gouvernement a fait comprendre qu\u2019il va falloir trouver le juste milieu pour continuer \u00e0 assurer le ravitaillement de la population. Concernant la date du 1<sup>er<\/sup> avril annonc\u00e9e pour la reprise des cours, Remis Fulgance Dandjinou a \u00e9t\u00e9 cat\u00e9gorique\u00a0: <em>\u00ab\u00a0Il n\u2019y aura pas de demi-mesure. Si la situation ne s\u2019am\u00e9liore pas, la date sera prolong\u00e9e \u00bb<\/em>. Il est m\u00eame all\u00e9 plus loin en affirmant que les mesures sont \u00e9volutives et s\u2019il faille mettre Ouagadougou et Bobo-Dioulasso en quarantaine, ce sera act\u00e9. Au sujet de la suspension des voyages interurbains d\u00e9nonc\u00e9e par certains citoyens, le Porte-parole du gouvernement s\u2019est voulu\u00a0 on ne peut plus clair\u00a0: <em>\u00ab\u00a0L\u2019arr\u00eat\u00e9 est clair. Instruction a \u00e9t\u00e9 donn\u00e9e au ministre de la d\u00e9fense et de celui de la s\u00e9curit\u00e9 de veiller \u00e0 l\u2019application des textes\u00a0\u00bb<\/em>. Il a annonc\u00e9 \u00e9galement que tous les voyageurs seront contr\u00f4l\u00e9s parce que plus l\u2019on aura des personnes contamin\u00e9es, plus l\u2019on aura des cas de d\u00e9tresse et plus l\u2019on aura des cas graves.<\/p>\n<p><strong>Gaspard BAYALA<\/strong><\/p>\n<div class=\"td-a-rec td-a-rec-id-content_bottom tdi_30_f77 td_block_template_1\"><img loading=\"lazy\" decoding=\"async\" class=\"aligncenter size-full wp-image-9623\" src=\"https:\/\/www.sidwaya.info\/wp-content\/uploads\/2019\/06\/Projet-bannie\u0300re-Orange-mobile.jpg\" alt=\"\" width=\"728\" height=\"81\"\/><\/div>\n<p>Auteur: BS. Sidwaya<br \/>\n<a href=\"https:\/\/www.sidwaya.info\/blog\/2020\/03\/24\/covid-19-au-burkina-faso-15-nouveaux-cas-confirmes\/\">Cliquez ici pour lire l&rsquo;article depuis sa source.<\/a><\/p>\n","protected":false},"excerpt":{"rendered":"<p>La cellule de veille a fait le point de la situation de l\u2019\u00e9volution de la pand\u00e9mie du Coronavirus, le 24 mars 2020 en pr\u00e9sence du ministre en charge de la Communication, Remis Fulgance Dandjinou. Du point fait, il ressort que le nombre de cas est pass\u00e9 \u00e0 114 soit 15 nouveaux cas et deux \u00a0gu\u00e9risons. [&hellip;]<\/p>\n","protected":false},"author":1816,"featured_media":0,"comment_status":"closed","ping_status":"closed","sticky":false,"template":"","format":"standard","meta":{"fifu_image_url":"","fifu_image_alt":"","footnotes":""},"categories":[73,81],"tags":[],"class_list":["post-80098","post","type-post","status-publish","format-standard","hentry","category-actualite","category-burkina-faso"],"_links":{"self":[{"href":"https:\/\/linitiative.ca\/International\/wp-json\/wp\/v2\/posts\/80098","targetHints":{"allow":["GET"]}}],"collection":[{"href":"https:\/\/linitiative.ca\/International\/wp-json\/wp\/v2\/posts"}],"about":[{"href":"https:\/\/linitiative.ca\/International\/wp-json\/wp\/v2\/types\/post"}],"author":[{"embeddable":true,"href":"https:\/\/linitiative.ca\/International\/wp-json\/wp\/v2\/users\/1816"}],"replies":[{"embeddable":true,"href":"https:\/\/linitiative.ca\/International\/wp-json\/wp\/v2\/comments?post=80098"}],"version-history":[{"count":0,"href":"https:\/\/linitiative.ca\/International\/wp-json\/wp\/v2\/posts\/80098\/revisions"}],"wp:attachment":[{"href":"https:\/\/linitiative.ca\/International\/wp-json\/wp\/v2\/media?parent=80098"}],"wp:term":[{"taxonomy":"category","embeddable":true,"href":"https:\/\/linitiative.ca\/International\/wp-json\/wp\/v2\/categories?post=80098"},{"taxonomy":"post_tag","embeddable":true,"href":"https:\/\/linitiative.ca\/International\/wp-json\/wp\/v2\/tags?post=80098"}],"curies":[{"name":"wp","href":"https:\/\/api.w.org\/{rel}","templated":true}]}}