{"id":80099,"date":"2020-03-24T13:10:51","date_gmt":"2020-03-24T17:10:51","guid":{"rendered":"https:\/\/linitiative.ca\/International\/suspension-des-transports-en-commun-les-tricycles-ont-pris-le-relais-a-ziniare\/"},"modified":"2020-03-24T13:10:51","modified_gmt":"2020-03-24T17:10:51","slug":"suspension-des-transports-en-commun-les-tricycles-ont-pris-le-relais-a-ziniare","status":"publish","type":"post","link":"https:\/\/linitiative.ca\/International\/suspension-des-transports-en-commun-les-tricycles-ont-pris-le-relais-a-ziniare\/","title":{"rendered":"Suspension des transports en commun  : les tricycles ont pris le relais \u00e0 Ziniar\u00e9"},"content":{"rendered":"<div class=\"td-post-featured-image\"><a href=\"https:\/\/i1.wp.com\/www.sidwaya.info\/wp-content\/uploads\/2020\/03\/1-38.jpg?fit=595%2C397&amp;ssl=1\" data-caption=\"\"><img loading=\"lazy\" decoding=\"async\" width=\"595\" height=\"397\" class=\"entry-thumb td-modal-image\" src=\"https:\/\/i1.wp.com\/www.sidwaya.info\/wp-content\/uploads\/2020\/03\/1-38.jpg?resize=595,397&amp;ssl=1\" srcset=\"https:\/\/i1.wp.com\/www.sidwaya.info\/wp-content\/uploads\/2020\/03\/1-38.jpg?w=595&amp;ssl=1 595w, https:\/\/i1.wp.com\/www.sidwaya.info\/wp-content\/uploads\/2020\/03\/1-38.jpg?resize=300%2C200&amp;ssl=1 300w\" sizes=\"auto, (max-width: 595px) 100vw, 595px\" alt=\"\" title=\"1\"\/><\/a><\/div>\n<p><strong>La pand\u00e9mie \u00e0 Coronavirus (COVID-19) a conduit les compagnies de transport \u00e0 observer un arr\u00eat de travail sur toute l\u2019\u00e9tendue du territoire national, depuis le lundi 23 mars 2020. Si la mesure est bien suivie \u00e0 Ouagadougou, \u00e0 Ziniar\u00e9 dans la r\u00e9gion du Plateau-central, des tricycles ont remplac\u00e9 les cars et les minicars.<\/strong><\/p>\n<p>Sur la Route nationale 3 (RN3), difficile d\u2019apercevoir un car d\u2019une compagnie de transport ou de minicars en circulation. De la sortie Nord-Est de Ouagadoudou jusqu\u2019\u00e0 Ziniar\u00e9, c\u2019est un trafic relativement fluide qui s\u2019offre aux usagers en cet apr\u00e8s-midi du mardi 24 mars 2020. Seuls des v\u00e9hicules de particuliers ou de camions transportant de marchandises dominent le trafic. A la suite du communiqu\u00e9 du minist\u00e8re des Transports, de la Mobilit\u00e9 urbaine et de la S\u00e9curit\u00e9 routi\u00e8re relatif \u00e0 l\u2019arr\u00eat des transports en commun, les compagnies de transport ont suspendu momentan\u00e9ment leurs activit\u00e9s pour \u00e9viter la propagation de la maladie \u00e0 Coronavirus (COVID-19). Toute chose qui n\u2019est pas sans cons\u00e9quence du c\u00f4t\u00e9 des voyageurs. C\u2019est le cas de Hamidou Dicko, en partance pour la ville de Dori. Apr\u00e8s avoir fait le tour des compagnies de transport \u00e0 Ouagadougou, le soudeur avec un baluchon en main s\u2019est vu dans l\u2019obligation de se rendre au poste de p\u00e9age, esp\u00e9rant avoir une occasion pour se rendre dans sa ville natale. Mais la chance de pouvoir emprunter ne serait-ce qu\u2019un minicar a fini par tourner au d\u00e9sespoir. En effet, cela fait cinq heures de temps qu\u2019il attend un car en vain.<\/p>\n<p>\u00ab\u00a0Je dois imp\u00e9rativement rentrer \u00e0 Dori ce soir parce que ma permission prend fin aujourd\u2019hui. Il y a beaucoup de commande \u00e0 livrer si bien que mon patron ne voulait pas m\u2019accorder la permission. Il a fallu l\u2019intervention d\u2019une tierce personne\u00a0\u00bb, s\u2019inqui\u00e8te-t-il. Etes-vous au courant du communiqu\u00e9 relatif \u00e0 l\u2019arr\u00eat de travail momentan\u00e9 des compagnies de transport sur toute l\u2019\u00e9tendue du territoire national\u00a0? \u00ab\u00a0Oui, mais je ne pensais pas que la mesure allait \u00eatre suivie par toutes les compagnies. On pourrait permettre aux minicars de transporter des passagers pour limiter les d\u00e9sagr\u00e9ments\u00a0\u00bb, sugg\u00e8re-t-il. Hamidou Dicko n\u2019est pas le seul dans cette situation car il vient d\u2019\u00eatre rejoint par Ousmane Tiemtor\u00e9 et sa femme Kadidata Kabor\u00e9 \u00e0 moto. Tout comme le soudeur n\u2019ayant pas eu gain de cause apr\u00e8s avoir sillonn\u00e9 les diff\u00e9rentes gares de la capitale, M. Tiemtor\u00e9 s\u2019est r\u00e9solu \u00e0 accompagner son \u00e9pouse jusqu\u2019au poste de p\u00e9age esp\u00e9rant avoir un v\u00e9hicule pour sa femme qui doit se rendre \u00e0 Kaya.<\/p>\n<p><strong>\u00ab\u00a0Nous allons rebrousser chemin\u00a0\u00bb<\/strong><\/p>\n<p>\u00ab\u00a0Nous allons patienter juste pour quelque temps. S\u2019il n\u2019y a pas de car, nous allons rebrousser chemin\u00a0\u00bb, confie-t-il. Nous quittons ce couple pour nous rendre \u00e0 la gare routi\u00e8re de Ziniar\u00e9 situ\u00e9e \u00e0 une dizaine de kilom\u00e8tres du poste de p\u00e9age. Notre arriv\u00e9e \u00e0 la gare co\u00efncide avec la pr\u00e9sence d\u2019un minicar s\u2019appr\u00eatant \u00e0 prendre le d\u00e9part pour Kaya avec \u00e0 son bord, une dizaine de passagers. Le conducteur, Harouna Compaor\u00e9, la trentaine r\u00e9volue dit \u00eatre au courant de la mesure, mais pr\u00e9f\u00e8re la violer \u00e0 ses risques et p\u00e9rils. \u00ab Je sais que c\u2019est pour \u00e9viter la propagation du COVID-19 qu\u2019il a \u00e9t\u00e9 demand\u00e9 de suspendre le transport des passagers. Pour mon cas, j\u2019ai lou\u00e9 le car et je dois forc\u00e9ment rentrer dans mes fonds. Si les gendarmes m\u2019arr\u00eatent, je vais n\u00e9gocier en leur expliquant ma situation\u00a0\u00bb, explique-t-il. Comme le dit l\u2019adage \u00ab\u00a0la nature a horreur du vide\u00a0\u00bb, en l\u2019absence des cars, des tricycles ont pris le relais \u00e0 la gare routi\u00e8re de Ziniar\u00e9.<\/p>\n<p>Les conducteurs de ces engins \u00e0 trois roues proposent leurs services aux passagers qui d\u00e9sirent se rendre dans des localit\u00e9s environnantes moyennant une somme d\u2019argent allant de 1000 \u00e0 2000 F CFA. A ce qu\u2019il para\u00eet, ces conducteurs se frottent les mains. Ousmane Ou\u00e9draogo un conducteur de tricycle confie que sa recette journali\u00e8re est pass\u00e9e \u00e0 30\u00a0000 F CFA, alors qu\u2019il avait du mal \u00e0 avoir 10\u00a0000 F CFA en une journ\u00e9e. Savez-vous que ce type de transport peut contribuer \u00e0 la propagation de la maladie\u00a0COVID-19? \u00ab\u00a0Nous essayons de soulager les peines des voyageurs. Non seulement ils ne sont pas nombreux, mais la distance n\u2019est pas aussi longue. Notre souhait est que cette maladie disparaisse de notre pays parce qu\u2019elle bouleverse l\u2019activit\u00e9 \u00e9conomique\u00a0\u00bb, r\u00e9pond le conducteur de tricycle.<\/p>\n<p class=\"c1\"><strong>Pat\u00e9n\u00e9ma Oumar<\/strong><br \/><strong>OUEDRAOGO<\/strong><br \/><strong>pathnema@gmail.com<\/strong><\/p>\n<div class=\"td-a-rec td-a-rec-id-content_bottom tdi_30_77e td_block_template_1\"><img loading=\"lazy\" decoding=\"async\" class=\"aligncenter size-full wp-image-9623\" src=\"https:\/\/www.sidwaya.info\/wp-content\/uploads\/2019\/06\/Projet-bannie\u0300re-Orange-mobile.jpg\" alt=\"\" width=\"728\" height=\"81\"\/><\/div>\n<p>Auteur: DD. Sidwaya<br \/>\n<a href=\"https:\/\/www.sidwaya.info\/blog\/2020\/03\/24\/suspension-des-transports-en-commun-les-tricycles-ont-pris-le-relais-a-ziniare\/\">Cliquez ici pour lire l&rsquo;article depuis sa source.<\/a><\/p>\n","protected":false},"excerpt":{"rendered":"<p>La pand\u00e9mie \u00e0 Coronavirus (COVID-19) a conduit les compagnies de transport \u00e0 observer un arr\u00eat de travail sur toute l\u2019\u00e9tendue du territoire national, depuis le lundi 23 mars 2020. Si la mesure est bien suivie \u00e0 Ouagadougou, \u00e0 Ziniar\u00e9 dans la r\u00e9gion du Plateau-central, des tricycles ont remplac\u00e9 les cars et les minicars. Sur la [&hellip;]<\/p>\n","protected":false},"author":1816,"featured_media":0,"comment_status":"closed","ping_status":"closed","sticky":false,"template":"","format":"standard","meta":{"fifu_image_url":"","fifu_image_alt":"","footnotes":""},"categories":[73,81],"tags":[],"class_list":["post-80099","post","type-post","status-publish","format-standard","hentry","category-actualite","category-burkina-faso"],"_links":{"self":[{"href":"https:\/\/linitiative.ca\/International\/wp-json\/wp\/v2\/posts\/80099","targetHints":{"allow":["GET"]}}],"collection":[{"href":"https:\/\/linitiative.ca\/International\/wp-json\/wp\/v2\/posts"}],"about":[{"href":"https:\/\/linitiative.ca\/International\/wp-json\/wp\/v2\/types\/post"}],"author":[{"embeddable":true,"href":"https:\/\/linitiative.ca\/International\/wp-json\/wp\/v2\/users\/1816"}],"replies":[{"embeddable":true,"href":"https:\/\/linitiative.ca\/International\/wp-json\/wp\/v2\/comments?post=80099"}],"version-history":[{"count":0,"href":"https:\/\/linitiative.ca\/International\/wp-json\/wp\/v2\/posts\/80099\/revisions"}],"wp:attachment":[{"href":"https:\/\/linitiative.ca\/International\/wp-json\/wp\/v2\/media?parent=80099"}],"wp:term":[{"taxonomy":"category","embeddable":true,"href":"https:\/\/linitiative.ca\/International\/wp-json\/wp\/v2\/categories?post=80099"},{"taxonomy":"post_tag","embeddable":true,"href":"https:\/\/linitiative.ca\/International\/wp-json\/wp\/v2\/tags?post=80099"}],"curies":[{"name":"wp","href":"https:\/\/api.w.org\/{rel}","templated":true}]}}