{"id":80100,"date":"2020-03-24T13:13:42","date_gmt":"2020-03-24T17:13:42","guid":{"rendered":"https:\/\/linitiative.ca\/International\/le-maire-de-kando-se-taille-la-part-du-lion\/"},"modified":"2020-03-24T13:13:42","modified_gmt":"2020-03-24T17:13:42","slug":"le-maire-de-kando-se-taille-la-part-du-lion","status":"publish","type":"post","link":"https:\/\/linitiative.ca\/International\/le-maire-de-kando-se-taille-la-part-du-lion\/","title":{"rendered":"Le maire de Kando se taille la part du lion"},"content":{"rendered":"<div class=\"td-post-featured-image\"><a href=\"https:\/\/i0.wp.com\/www.sidwaya.info\/wp-content\/uploads\/2020\/03\/on-m-1.jpg?fit=787%2C525&amp;ssl=1\" data-caption=\"\"><img loading=\"lazy\" decoding=\"async\" width=\"696\" height=\"464\" class=\"entry-thumb td-modal-image\" src=\"https:\/\/i0.wp.com\/www.sidwaya.info\/wp-content\/uploads\/2020\/03\/on-m-1.jpg?resize=696,464&amp;ssl=1\" srcset=\"https:\/\/i0.wp.com\/www.sidwaya.info\/wp-content\/uploads\/2020\/03\/on-m-1.jpg?w=787&amp;ssl=1 787w, https:\/\/i0.wp.com\/www.sidwaya.info\/wp-content\/uploads\/2020\/03\/on-m-1.jpg?resize=300%2C200&amp;ssl=1 300w, https:\/\/i0.wp.com\/www.sidwaya.info\/wp-content\/uploads\/2020\/03\/on-m-1.jpg?resize=768%2C512&amp;ssl=1 768w, https:\/\/i0.wp.com\/www.sidwaya.info\/wp-content\/uploads\/2020\/03\/on-m-1.jpg?resize=696,464&amp;ssl=1 696w, https:\/\/i0.wp.com\/www.sidwaya.info\/wp-content\/uploads\/2020\/03\/on-m-1.jpg?resize=630%2C420&amp;ssl=1 630w, https:\/\/i0.wp.com\/www.sidwaya.info\/wp-content\/uploads\/2020\/03\/on-m-1.jpg?resize=600%2C400&amp;ssl=1 600w\" sizes=\"auto, (max-width: 696px) 100vw, 696px\" alt=\"\" title=\"on m\"\/><\/a><\/div>\n<p><strong>Le maire de Kando se taille la part du lion<\/strong><br \/>Il est parvenu \u00e0 Kantigui que dans la commune rurale de Kando, province du Kourittenga, le maire se serait rendu coupable d\u2019une attribution ill\u00e9gale de parcelles. En effet, les sources de Kantigui lui ont indiqu\u00e9 qu\u2019 \u00e0 la suite d\u2019une op\u00e9ration de lotissement, entam\u00e9e depuis 2009 dont les attributions viennent d\u2019\u00eatre formalis\u00e9es, les propri\u00e9taires terriens et la population sont dans une d\u00e9ception. Le maire aurait tripatouill\u00e9 les engagements \u00e9crits des propri\u00e9taires terriens en les rempla\u00e7ant par des signataires acquis \u00e0 sa cause et se serait offert un boulevard pour la poursuite des op\u00e9rations d\u2019attribution des parcelles. Selon les sources de Kantigui, l\u2019\u00e9dile se serait ainsi attribu\u00e9 36 parcelles et huit autres \u00e0 sa belle-famille. Et comme pour se faire couvrir, il aurait donn\u00e9 des parcelles \u00e0 la hi\u00e9rarchie administrative, d\u00e9concentr\u00e9e et d\u00e9centralis\u00e9e, ainsi qu\u2019\u00e0 des leaders politiques de la r\u00e9gion du Centre-Est et \u00e0 des commer\u00e7ants de Pouytenga, commune voisine de Kando. Linformateur de Kantigui lui a indiqu\u00e9 qu\u2019 apr\u00e8s la publication de la liste des attributaires, la tension serait vive en ce moment entre les propri\u00e9taires terriens, les demandeurs et les forces vives de la commune. Ces derniers, confie la source de Kantigui, ne comptent pas se laisser faire. Ils disent vouloir user de tous les moyens l\u00e9gaux et coutumiers pour mettre en \u00e9chec ce \u00ab pillage \u00bb de terres. Kantigui esp\u00e8re que la justice, saisie de l\u2019affaire, tranchera.<\/p>\n<p><strong>Un \u00e9l\u00e8ve de CP1 met le feu \u00e0 son \u00e9cole<\/strong><br \/>Kantigui s\u2019est rendu le 20 mars 2020 \u00e0 Pella, une des quinze communes de la province du Boulkiemd\u00e9. Dans cette localit\u00e9, il est tomb\u00e9 sur une situation qui lui a fait verser des larmes. Et pour cause, un \u00e9l\u00e8ve de six ans, de l\u2019\u00e9cole primaire publique du quartier Dapoya, un des quartiers de la commune, refusant d\u2019aller aux cours a eu la mauvaise id\u00e9e d\u2019incendier son \u00e9tablissement. L\u2019\u00e9cole de Dapoya est d\u00e9j\u00e0 normalis\u00e9e. Seulement, la r\u00e9ception du deuxi\u00e8me b\u00e2timent de trois classes n\u2019est pas encore faite si bien que deux classes sont toujours sous paillote. Ce sont ces classes sous paillote que l\u2019\u00e9l\u00e8ve pyromane a incendi\u00e9es, d\u2019apr\u00e8s ce qui a \u00e9t\u00e9 rapport\u00e9 \u00e0 Kantigui. Profitant des cong\u00e9s et en l\u2019absence des enseignants et de ses camarades, il n\u2019aurait trouv\u00e9 mieux que de voler le briquet de sa maman pour aller mettre le feu aux deux classes vis\u00e9es. Ainsi, les tables-bancs, le mat\u00e9riel didactique et p\u00e9dagogique des enseignants et les cahiers des \u00e9l\u00e8ves du CP1 et du CP2 sont partis en fum\u00e9e. La gendarmerie de Kindi, venue faire le constat, aurait interrog\u00e9 l\u2019auteur de l\u2019acte, qui aurait reconnu les faits.<\/p>\n<p><strong>Un malade refoul\u00e9 au CHR de D\u00e9dougou<\/strong><br \/>Kantigui a eu vent des d\u00e9boires d\u2019un patient au Centre hospitalier r\u00e9gional (CHR) de D\u00e9dougou dans la nuit du 23 au 24 mars 2020. Pris de malaises (fi\u00e8vre et un mal de t\u00eate), l\u2019homme, quinquag\u00e9naire, s\u2019est rendu au CHR en compagnie d\u2019un voisin pour une prise en charge, relate l\u2019infortun\u00e9 \u00e0 Kantigui. Mais grande a \u00e9t\u00e9 leur surprise, car malgr\u00e9 la pr\u00e9sence de son accompagnant, l\u2019agent de sant\u00e9 dudit \u00e9tablissement, le malade a \u00e9t\u00e9 purement et simplement renvoy\u00e9 chez lui sans aucun \u00e9gard, au motif que vu la situation li\u00e9e au coronavirus, ils n\u2019ont pas de moyens ad\u00e9quats pour sa prise en charge. Kantigui s\u2019\u00e9tonne de cette attitude des agents du service des urgences du CHR, ce d\u2019autant plus que le DG assurait le 17 mars 2020, dans une interview, que son \u00e9tablissement avait anticip\u00e9 en mettant en place un comit\u00e9 de prise en charge d\u2019\u00e9ventuels cas de COVID-19. Une salle aurait \u00e9t\u00e9 d\u00e9gag\u00e9e pour le confinement d\u2019\u00e9ventuels malades. Outre ce comportement \u00e9trange du personnel de sant\u00e9, le CHR, a-t-on souffl\u00e9 \u00e0 Kantigui, est sans eau depuis trois jours. Par cons\u00e9quent, le personnel par manque d\u2019hygi\u00e8ne refuse les consultations et les interventions en chirurgie.<\/p>\n<p><strong>Les coutumiers engag\u00e9s contre le COVID-19<\/strong><br \/>Kantigui a appris que les mesures de restrictions prises par le gouvernement pour limiter la propagation de la maladie \u00e0 coronavirus (COVID-19) sont appliqu\u00e9es avec rigueur dans tous les secteurs de la soci\u00e9t\u00e9 burkinab\u00e8. C\u2019est ainsi qu\u2019il lui est revenu que pour s\u2019inscrire en droite ligne de ces dispositions, la c\u00e9r\u00e9monie de faux d\u00e9part du Moogho Naaba se fait dans une grande sobri\u00e9t\u00e9. De m\u00eame, selon les m\u00e8mes sources, les f\u00eates annuelles des chefs coutumiers se limitent d\u00e9sormais aux aspects rites, le c\u00f4t\u00e9 festif ayant \u00e9t\u00e9 biff\u00e9. Kantigui se r\u00e9jouit que les garants de la tradition aient pris le probl\u00e8me \u00e0 bras-le-corps et souhaite qu\u2019ils poursuivent leurs actions de sensibilisation aupr\u00e8s de leurs populations pour une contribution \u00e9clatante \u00e0 l\u2019\u00e9radication du fl\u00e9au mondial.<\/p>\n<p><strong>DGTTM : plus de 10 mille cartes grises cherchent preneurs<\/strong><br \/>Kantigui a appris avec stup\u00e9faction qu\u2019\u00e0 la date du 18 mars 2020, 10 068 cartes grises de motos sont stock\u00e9es dans les guichets de la Direction g\u00e9n\u00e9rale des transports terrestres et maritimes (DGTTM). En effet, selon les explications de l\u2019interlocuteur de Kantigui, les int\u00e9ress\u00e9s ne se sont pas encore pr\u00e9sent\u00e9s pour le retrait de leurs cartes grises. Kantigui a eu vent que pour tous les dossiers de Premi\u00e8re mise en circulation (PMC)-motos d\u00e9pos\u00e9s jusqu\u2019au 27 janvier 2020, les cartes grises sont disponibles. Pour les dossiers de PMC-v\u00e9hicules automobiles d\u00e9pos\u00e9s jusqu\u2019au 31 janvier 2020, les cartes grises sont \u00e9galement pr\u00eates. Dans ses recherches, Kantigui a d\u00e9couvert que les cartes grises des dossiers de remplacement, de vente, de duplicata, de gage, motos comme v\u00e9hicules automobiles d\u00e9pos\u00e9s jusqu\u2019\u00e0 la date du 30 novembre 2019 sont aussi disponibles. A ce niveau 985 dossiers ont \u00e9t\u00e9 rejet\u00e9s pour insuffisance de renseignement. Kantigui invite les usagers concern\u00e9s par ces informations \u00e0 se pr\u00e9senter devant \u00e0 la DGTTM.<\/p>\n<p class=\"c1\"><strong>Kantigui<\/strong><br \/><strong>(00226) 25 31 22 89<\/strong><\/p>\n<div class=\"td-a-rec td-a-rec-id-content_bottom tdi_30_025 td_block_template_1\"><img loading=\"lazy\" decoding=\"async\" class=\"aligncenter size-full wp-image-9623\" src=\"https:\/\/www.sidwaya.info\/wp-content\/uploads\/2019\/06\/Projet-bannie\u0300re-Orange-mobile.jpg\" alt=\"\" width=\"728\" height=\"81\"\/><\/div>\n<p>Auteur: DD. Sidwaya<br \/>\n<a href=\"https:\/\/www.sidwaya.info\/blog\/2020\/03\/24\/le-maire-de-kando-se-taille-la-part-du-lion\/\">Cliquez ici pour lire l&rsquo;article depuis sa source.<\/a><\/p>\n","protected":false},"excerpt":{"rendered":"<p>Le maire de Kando se taille la part du lionIl est parvenu \u00e0 Kantigui que dans la commune rurale de Kando, province du Kourittenga, le maire se serait rendu coupable d\u2019une attribution ill\u00e9gale de parcelles. En effet, les sources de Kantigui lui ont indiqu\u00e9 qu\u2019 \u00e0 la suite d\u2019une op\u00e9ration de lotissement, entam\u00e9e depuis 2009 [&hellip;]<\/p>\n","protected":false},"author":1816,"featured_media":0,"comment_status":"closed","ping_status":"closed","sticky":false,"template":"","format":"standard","meta":{"fifu_image_url":"","fifu_image_alt":"","footnotes":""},"categories":[73,81],"tags":[],"class_list":["post-80100","post","type-post","status-publish","format-standard","hentry","category-actualite","category-burkina-faso"],"_links":{"self":[{"href":"https:\/\/linitiative.ca\/International\/wp-json\/wp\/v2\/posts\/80100","targetHints":{"allow":["GET"]}}],"collection":[{"href":"https:\/\/linitiative.ca\/International\/wp-json\/wp\/v2\/posts"}],"about":[{"href":"https:\/\/linitiative.ca\/International\/wp-json\/wp\/v2\/types\/post"}],"author":[{"embeddable":true,"href":"https:\/\/linitiative.ca\/International\/wp-json\/wp\/v2\/users\/1816"}],"replies":[{"embeddable":true,"href":"https:\/\/linitiative.ca\/International\/wp-json\/wp\/v2\/comments?post=80100"}],"version-history":[{"count":0,"href":"https:\/\/linitiative.ca\/International\/wp-json\/wp\/v2\/posts\/80100\/revisions"}],"wp:attachment":[{"href":"https:\/\/linitiative.ca\/International\/wp-json\/wp\/v2\/media?parent=80100"}],"wp:term":[{"taxonomy":"category","embeddable":true,"href":"https:\/\/linitiative.ca\/International\/wp-json\/wp\/v2\/categories?post=80100"},{"taxonomy":"post_tag","embeddable":true,"href":"https:\/\/linitiative.ca\/International\/wp-json\/wp\/v2\/tags?post=80100"}],"curies":[{"name":"wp","href":"https:\/\/api.w.org\/{rel}","templated":true}]}}