{"id":80102,"date":"2020-03-24T13:21:46","date_gmt":"2020-03-24T17:21:46","guid":{"rendered":"https:\/\/linitiative.ca\/International\/fermeture-des-marches-et-yaars-les-acteurs-saluent-la-decision-meme-si\/"},"modified":"2020-03-24T13:21:46","modified_gmt":"2020-03-24T17:21:46","slug":"fermeture-des-marches-et-yaars-les-acteurs-saluent-la-decision-meme-si","status":"publish","type":"post","link":"https:\/\/linitiative.ca\/International\/fermeture-des-marches-et-yaars-les-acteurs-saluent-la-decision-meme-si\/","title":{"rendered":"Fermeture des march\u00e9s et yaars  : les acteurs saluent la d\u00e9cision m\u00eame si \u2026"},"content":{"rendered":"<div class=\"td-post-featured-image\"><a href=\"https:\/\/i2.wp.com\/www.sidwaya.info\/wp-content\/uploads\/2020\/03\/1-39.jpg?fit=595%2C397&amp;ssl=1\" data-caption=\"\"><img loading=\"lazy\" decoding=\"async\" width=\"595\" height=\"397\" class=\"entry-thumb td-modal-image\" src=\"https:\/\/i2.wp.com\/www.sidwaya.info\/wp-content\/uploads\/2020\/03\/1-39.jpg?resize=595,397&amp;ssl=1\" srcset=\"https:\/\/i2.wp.com\/www.sidwaya.info\/wp-content\/uploads\/2020\/03\/1-39.jpg?w=595&amp;ssl=1 595w, https:\/\/i2.wp.com\/www.sidwaya.info\/wp-content\/uploads\/2020\/03\/1-39.jpg?resize=300%2C200&amp;ssl=1 300w\" sizes=\"auto, (max-width: 595px) 100vw, 595px\" alt=\"\" title=\"1\"\/><\/a><\/div>\n<p><strong>Dans un communiqu\u00e9 administratif rendu public le lundi 23 mars, le gouverneur de la r\u00e9gion du Centre annon\u00e7ait la fermeture des grands march\u00e9s et yaars de sa circonscription \u00e0 partir du 25 mars au 20 avril prochain afin de lutter contre la propagation du coronavirus. Les acteurs du commerce saluent cette d\u00e9cision qui va n\u00e9anmoins impacter leur activit\u00e9.<\/strong><\/p>\n<p>Mardi 24 mars 2020, c\u2019est le dernier jour d\u2019ouverture pour les grands march\u00e9s et yaars de Ouagadougou et ce, jusqu\u2019au 20 avril prochain. Cette d\u00e9cision prise par le gouverneur de la r\u00e9gion du Centre vise \u00e0 lutter contre la propagation du virus COVID-19. Saratou Tapsoba, commer\u00e7ante de l\u00e9gumes au march\u00e9 Naab-Raaga dans le quartier Samandin de la ville de Ouagadougou a appris la nouvelle la nuit derni\u00e8re, de retour d\u2019un voyage. \u00ab\u00a0Si le march\u00e9 est ferm\u00e9, comment nous allons pouvoir nourrir nos enfants\u00a0?\u00a0\u00bb, se demande-t-elle. Pour elle, c\u2019est Dieu qui donne la sant\u00e9 et la d\u00e9cision de fermer le march\u00e9 n\u2019est pas la bienvenue. Mme Tapsoba propose aux autorit\u00e9s de surseoir \u00e0 cette fermeture et invite chaque acteur \u00e0 adopter des comportements responsables notamment la d\u00e9sinfection des mains et le port des masques. Sa coll\u00e8gue, Marie Madeleine Zango, elle, n\u2019est pas de cet avis. Selon elle, la d\u00e9cision est salutaire parce que la sant\u00e9 d\u2019abord et le commerce ensuite. Dame Zango reconna\u00eet que la fermeture va impacter leur vie, mais l\u2019essentiel est que le mal soit \u00e9radiqu\u00e9.<\/p>\n<p>\u00ab\u00a0La fermeture peut \u00e9viter la propagation de la maladie mais elle va cr\u00e9er d\u2019autres probl\u00e8mes. Pendant un mois, nous serons \u00e0 la maison sans rien faire alors que certains gagnent leur pitance quotidienne au march\u00e9\u00a0\u00bb, fait remarquer Soumaila Ou\u00e9draogo, vendeur de produits de beaut\u00e9. Il propose, par ailleurs, que l\u2019on autorise l\u2019ouverture des march\u00e9s de 7h \u00e0 10h ou 12h afin de leur permettre de gagner de quoi vivre. Le pr\u00e9sident du march\u00e9 Naab-Raaga, Souleymane Bonkoungou, rappelle que la maladie \u00e0 coronavirus a \u00e9t\u00e9 d\u00e9clar\u00e9e comme une pand\u00e9mie. \u00ab\u00a0En tant que premier responsable, nous devons prendre des mesures pour la bonne sant\u00e9 des acteurs. C\u2019est pourquoi, je salue cette d\u00e9cision des autorit\u00e9s qui, nous l\u2019esp\u00e9rons, va contribuer \u00e0 endiguer la maladie\u00a0\u00bb, laisse entendre M. Bonkoungou, confiant que les conseils d\u2019hygi\u00e8ne du minist\u00e8re de la Sant\u00e9 sont appliqu\u00e9s.<\/p>\n<p><strong>M\u00eame les pays d\u00e9velopp\u00e9s l\u2019ont fait<\/strong><\/p>\n<p>Toutefois, il estime que des mesures d\u2019accompagnement doivent \u00eatre prises en faveur des commer\u00e7ants. Au niveau du bureau du march\u00e9, il souligne qu\u2019une concertation aura lieu en vue d\u2019organiser les commer\u00e7ants pour la p\u00e9riode de fermeture. Au march\u00e9 de Gounghin, la d\u00e9cision est \u00e9galement relativement appr\u00e9ci\u00e9e. Le d\u00e9l\u00e9gu\u00e9 de la boucherie, Ernest Kabor\u00e9, estime que la suspension de leurs activit\u00e9s est dans l\u2019int\u00e9r\u00eat de la population. Il fait remarquer qu\u2019\u00e0 leur niveau, des dispositifs de lavage de mains ont \u00e9t\u00e9 install\u00e9s. \u00ab\u00a0Cependant, je dois reconna\u00eetre que notre activit\u00e9 va prendre un coup. Avec le couvre-feu, on ne s\u2019en sort pas parce qu\u2019on ne peut plus vendre la nuit\u00a0\u00bb, l\u00e2che-t-il. C\u2019est pourquoi, il plaide pour que les bouchers puissent vendre au bord de la voie (l\u2019avenue Kadiogo) apr\u00e8s la fermeture du march\u00e9. Ouss\u00e9ni Kouanda est g\u00e9rant de parking au march\u00e9 de Gounghin. Il dit entendre parler de la maladie \u00e0 COVID- 19 et du nombre de personnes qui en sont d\u00e9c\u00e9d\u00e9es. Raison pour laquelle, il salue la mesure de fermeture des march\u00e9s et yaars. \u00ab\u00a0Nous sommes au nombre de sept et nous vivons sur la base de ce que nous gagnons dans la gestion du parking. Un mois sans exercer notre activit\u00e9, \u00e7a va \u00eatre tr\u00e8s difficile de pouvoir se nourrir\u00a0\u00bb, avoue Ouss\u00e9ni Kouanda.<\/p>\n<p>Hamed Sawadogo, vendeur de pr\u00eat- \u00e0- porter au march\u00e9 central de la capitale, Rood- Woko, au regard de l\u2019\u00e9volution du nombre de personnes contamin\u00e9es, soutient qu\u2019il est fort probable que le d\u00e9lai de 25 jours soit prolong\u00e9. Son v\u0153u est que la propagation soit frein\u00e9e pour leur permettre de reprendre rapidement leurs activit\u00e9s. Mathias Nayaga, vendeur de chaussures au march\u00e9 central, estime que si des pays plus d\u00e9velopp\u00e9s comme la Chine, la France, \u2026 ont pris les m\u00eames mesures, ce n\u2019est pas le Burkina Faso qui pourra y d\u00e9roger.<\/p>\n<p class=\"c1\"><strong>Joseph HARO<\/strong><\/p>\n<div class=\"td-a-rec td-a-rec-id-content_bottom tdi_30_956 td_block_template_1\"><img loading=\"lazy\" decoding=\"async\" class=\"aligncenter size-full wp-image-9623\" src=\"https:\/\/www.sidwaya.info\/wp-content\/uploads\/2019\/06\/Projet-bannie\u0300re-Orange-mobile.jpg\" alt=\"\" width=\"728\" height=\"81\"\/><\/div>\n<p>Auteur: DD. Sidwaya<br \/>\n<a href=\"https:\/\/www.sidwaya.info\/blog\/2020\/03\/24\/fermeture-des-marches-et-yaars-les-acteurs-saluent-la-decision-meme-si\/\">Cliquez ici pour lire l&rsquo;article depuis sa source.<\/a><\/p>\n","protected":false},"excerpt":{"rendered":"<p>Dans un communiqu\u00e9 administratif rendu public le lundi 23 mars, le gouverneur de la r\u00e9gion du Centre annon\u00e7ait la fermeture des grands march\u00e9s et yaars de sa circonscription \u00e0 partir du 25 mars au 20 avril prochain afin de lutter contre la propagation du coronavirus. Les acteurs du commerce saluent cette d\u00e9cision qui va n\u00e9anmoins [&hellip;]<\/p>\n","protected":false},"author":1816,"featured_media":0,"comment_status":"closed","ping_status":"closed","sticky":false,"template":"","format":"standard","meta":{"fifu_image_url":"","fifu_image_alt":"","footnotes":""},"categories":[73,81],"tags":[],"class_list":["post-80102","post","type-post","status-publish","format-standard","hentry","category-actualite","category-burkina-faso"],"_links":{"self":[{"href":"https:\/\/linitiative.ca\/International\/wp-json\/wp\/v2\/posts\/80102","targetHints":{"allow":["GET"]}}],"collection":[{"href":"https:\/\/linitiative.ca\/International\/wp-json\/wp\/v2\/posts"}],"about":[{"href":"https:\/\/linitiative.ca\/International\/wp-json\/wp\/v2\/types\/post"}],"author":[{"embeddable":true,"href":"https:\/\/linitiative.ca\/International\/wp-json\/wp\/v2\/users\/1816"}],"replies":[{"embeddable":true,"href":"https:\/\/linitiative.ca\/International\/wp-json\/wp\/v2\/comments?post=80102"}],"version-history":[{"count":0,"href":"https:\/\/linitiative.ca\/International\/wp-json\/wp\/v2\/posts\/80102\/revisions"}],"wp:attachment":[{"href":"https:\/\/linitiative.ca\/International\/wp-json\/wp\/v2\/media?parent=80102"}],"wp:term":[{"taxonomy":"category","embeddable":true,"href":"https:\/\/linitiative.ca\/International\/wp-json\/wp\/v2\/categories?post=80102"},{"taxonomy":"post_tag","embeddable":true,"href":"https:\/\/linitiative.ca\/International\/wp-json\/wp\/v2\/tags?post=80102"}],"curies":[{"name":"wp","href":"https:\/\/api.w.org\/{rel}","templated":true}]}}