{"id":80103,"date":"2020-03-24T16:18:03","date_gmt":"2020-03-24T20:18:03","guid":{"rendered":"https:\/\/linitiative.ca\/International\/coronavirus-lafrique-se-mobilise-pour-sauver-son-economie\/"},"modified":"2020-03-24T16:18:03","modified_gmt":"2020-03-24T20:18:03","slug":"coronavirus-lafrique-se-mobilise-pour-sauver-son-economie","status":"publish","type":"post","link":"https:\/\/linitiative.ca\/International\/coronavirus-lafrique-se-mobilise-pour-sauver-son-economie\/","title":{"rendered":"Coronavirus : l\u2019Afrique se mobilise pour sauver son \u00e9conomie"},"content":{"rendered":"<p>Plusieurs Etats africains, frapp\u00e9s par le coronavirus, s\u2019emploient \u00e0 soutenir leurs \u00e9conomies afin de limiter l\u2019effet d\u00e9vastateur de la pand\u00e9mie.Pas de doute. La crise sanitaire cons\u00e9cutive au Covid-19 va engendrer de graves cons\u00e9quences \u00e9conomiques. L\u2019Organisation de Coop\u00e9ration et de D\u00e9veloppement \u00c9conomique (OCDE), dans son rapport publi\u00e9 le 2 mars dernier, estime d\u2019ailleurs que \u00ab la croissance annuelle du PIB mondiale devrait baisser globalement \u00e0 2,4 % en 2020, en partant du chiffre d\u00e9j\u00e0 faible de 2,9 % enregistr\u00e9 en 2019 et elle pourrait m\u00eame \u00eatre n\u00e9gative au premier trimestre de 2020 \u00bb.<\/p>\n<p>En Afrique, celle-ci \u00ab devrait tomber \u00e0 1,8 % au lieu de 3,2 % en 2020, essentiellement \u00e0 cause des interruptions dans les relations commerciales \u00bb, selon la Secr\u00e9taire ex\u00e9cutive de la Commission \u00c9conomique des Nations-Unies pour l\u2019Afrique (CEA), Vera Songwe.<\/p>\n<p>Bien plus pessimiste, l\u2019\u00e9conomiste franco-b\u00e9ninois, Lionel Zinsou, dans une interview accord\u00e9e \u00e0 France 24, soutient que \u00ab la r\u00e9cession sera bien plus grande (pour le continent) que la crise \u00e9conomique de 2008 \u00e0 laquelle l\u2019Afrique avait \u00e9chapp\u00e9 \u00bb. \u00a0<\/p>\n<p>Face \u00e0 ces tableaux sombres dress\u00e9s par institutions et experts \u00e9conomiques, de nombreux pays africains appliquent une batterie de mesures. Objectif, \u00e9viter que les secteurs fortement malmen\u00e9s par le Covid-19 ne sombrent.\u00a0<\/p>\n<p>Agir en urgence<\/p>\n<p>D\u00e8s l\u2019apparition du premier cas sur son sol, le Royaume du Maroc, sur ordre du roi Mohammed VI, a mis en place un Fonds de gestion de la pand\u00e9mie qui devait \u00eatre dot\u00e9 de 10 milliards de dirhams (plus de 930 millions d\u2019euros). Gr\u00e2ce aux diverses contributions, il a finalement atteint pr\u00e8s de 30 milliards de dirhams. Ce fonds servira \u00e0 financer la mise \u00e0 niveau du syst\u00e8me sanitaire, mais aussi \u00e0 soutenir l\u2019\u00e9conomie.<\/p>\n<p>Les autorit\u00e9s marocaines ont \u00e9galement mis sur pied un Comit\u00e9 de veille \u00e9conomique pour suivre l\u2019\u00e9volution de la situation et d\u00e9cider des mesures \u00e0 prendre pour limiter les d\u00e9g\u00e2ts puis faciliter la reprise. \u00a0<\/p>\n<p>Jugeant insuffisantes ces mesures, la Conf\u00e9d\u00e9ration g\u00e9n\u00e9rale des entreprises du Maroc (Cgem) avait demand\u00e9 aux autorit\u00e9s de suspendre les charges fiscales au 31 mars et la d\u00e9claration du coronavirus comme cas de force majeure pour les march\u00e9s publics. \u00a0Le patronat marocain avait aussi propos\u00e9 une indemnit\u00e9 de perte d\u2019emplois pour les bas salaires \u00e0 activer pour cause de licenciement \u00e9conomique.<\/p>\n<p>Suite \u00e0 ces demandes, les pouvoirs publics ont annonc\u00e9 la suspension du paiement des charges sociales et l\u2019acceptation d\u2019un moratoire sur le remboursement des cr\u00e9dits bancaires par les entreprises.<\/p>\n<p>Le 19 mars dernier, de nouvelles mesures sont venues s\u2019ajouter \u00e0 celles pr\u00e9cit\u00e9es. Il s\u2019agit du versement, par le Fonds de gestion du coronavirus, d\u2019un salaire mensuel net de 2000 dirhams (187 euros) aux employ\u00e9s affili\u00e9s \u00e0 la Caisse Nationale de S\u00e9curit\u00e9 Sociale (CNSS) et qui sont en arr\u00eat de travail, et l\u2019octroi d\u2019un moratoire pour les Petites et Moyennes Entreprises (PME) et les Tr\u00e8s Petites Entreprises (TPE) pour les cr\u00e9dits et les leasings de trois mois.<\/p>\n<p>Les TPE, dont l\u2019activit\u00e9 se poursuit et qui souffrent de difficult\u00e9s de tr\u00e9sorerie, pourront b\u00e9n\u00e9ficier d\u2019une ligne de cr\u00e9dit suppl\u00e9mentaire gr\u00e2ce \u00e0 une garantie qui sera prochainement mise en branle par la Caisse centrale de garantie.<\/p>\n<p>Il est enfin pr\u00e9vu un report du d\u00e9caissement fiscal pour les entreprises dont le chiffre d\u2019affaires n\u2019atteint pas 20 millions de dirhams. Pour les soci\u00e9t\u00e9s ayant un chiffre d\u2019affaires d\u00e9passant ce seuil, rien ne change sur le plan fiscal. Le versement est maintenu au 31 mars prochain.<\/p>\n<p>Tout comme le Maroc, la Tunisie va d\u00e9caisser 2,5 milliards de dinars (environ 800 millions d\u2019euros) pour att\u00e9nuer l\u2019impact \u00e9conomique et social de cette crise sans pr\u00e9c\u00e9dent. Pour les travailleurs dont le revenu ne d\u00e9passe pas 1000 dinars (315 euros), le remboursement des dettes bancaires est report\u00e9.<\/p>\n<p>De m\u00eame, les services comme l\u2019\u00e9lectricit\u00e9, l\u2019eau ou le t\u00e9l\u00e9phone ne seront pas coup\u00e9s m\u00eame en cas de factures impay\u00e9es. Le gouvernement pr\u00e9voit d\u2019accorder des primes sp\u00e9ciales aux personnes les plus vuln\u00e9rables et des mesures de soutien \u00e0 la tr\u00e9sorerie des entreprises vont \u00eatre diligent\u00e9es. Il s\u2019agit entre autres du report des mensualit\u00e9s des cr\u00e9dits, du paiement des imp\u00f4ts \u00e0 partir du 1er avril, mais aussi des charges sociales et des taxes.<\/p>\n<p>En ligne de front, le Premier ministre tunisien Elyes Fakhfakh a inform\u00e9 de la cr\u00e9ation d\u2019un Fonds sp\u00e9cial de soutien aux entreprises en difficult\u00e9 pour leur permettre de reprendre plus rapidement leurs activit\u00e9s apr\u00e8s la crise. Les stocks de m\u00e9dicaments, de carburants et d\u2019aliments sont renforc\u00e9s gr\u00e2ce \u00e0 une enveloppe exceptionnelle de 500 millions de dinars.<\/p>\n<p>En Afrique du Sud, deuxi\u00e8me puissance \u00e9conomique du continent, la Banque centrale a d\u00e9cid\u00e9 jeudi dernier de baisser son taux directeur de 1 %, en l\u2019\u00e9tablissant d\u00e9sormais \u00e0 5,25 %. Cela devrait donner un peu plus de marge de man\u0153uvre aux acteurs \u00e9conomiques et enlever un peu de pression sur les banques.<\/p>\n<p>Elles pourront se refinancer pour moins cher et injecter davantage de liquidit\u00e9s dans l\u2019\u00e9conomie du pays d\u00e9j\u00e0 en r\u00e9cession bien avant l\u2019apparition du Covid-19.<\/p>\n<p>Au Rwanda, la Banque centrale a assouplira les modalit\u00e9s de remboursements des pr\u00eats bancaires pour les entreprises et les particuliers affect\u00e9s par la pand\u00e9mie. Cinquante millions d\u2019euros ont \u00e9t\u00e9 d\u00e9bloqu\u00e9s pour venir en aide aux banques commerciales qui auraient besoin de liquidit\u00e9s suppl\u00e9mentaires.<\/p>\n<p>En C\u00f4te d\u2019Ivoire, le pr\u00e9sident Alassane Dramane Ouattara (ADO) a indiqu\u00e9, lundi soir, la cr\u00e9ation d\u2019un Fonds d\u00e9di\u00e9 d\u2019un montant de 95,8 milliards F CFA (146 millions d\u2019euros). En plus de l\u2019instauration de l\u2019\u00e9tat d\u2019urgence, des mesures sont \u00e0 l\u2019\u00e9tude pour soutenir l\u2019\u00e9conomie et \u00ab soulager les populations \u00bb, a fait savoir ADO.<\/p>\n<p>Ce dernier a notamment instruit son Premier ministre Amadou Gon Coulibaly d\u2019\u00e9valuer, en concertation avec le secteur priv\u00e9, \u00ab l\u2019impact \u00e9conomique et financier \u00bb du coronavirus.<\/p>\n<p>Pour sa part, le S\u00e9n\u00e9gal s\u2019est dot\u00e9 d\u2019un Fonds de riposte et de solidarit\u00e9 d\u2019un montant de 1000 milliards F CFA (1,5 milliard d\u2019euros), a indiqu\u00e9 Macky Sall lundi soir lors de son discours \u00e0 la nation.<\/p>\n<p>De plus, le pr\u00e9sident s\u00e9n\u00e9galais va consacrer \u00ab une enveloppe de 50 milliards F CFA (75 millions d\u2019euros) \u00e0 l\u2019achat de vivres pour l\u2019aide alimentaire d\u2019urgence \u00bb. L\u2019h\u00f4tellerie, la restauration, le transport et la presse vont aussi b\u00e9n\u00e9ficier de l\u2019appui du gouvernement.<\/p>\n<p>Auteur: APA News<br \/>\n<a href=\"https:\/\/www.journalducameroun.com\/coronavirus-lafrique-se-mobilise-pour-sauver-son-economie\/\">Cliquez ici pour lire l&rsquo;article depuis sa source.<\/a><\/p>\n","protected":false},"excerpt":{"rendered":"<p>Plusieurs Etats africains, frapp\u00e9s par le coronavirus, s\u2019emploient \u00e0 soutenir leurs \u00e9conomies afin de limiter l\u2019effet d\u00e9vastateur de la pand\u00e9mie.Pas de doute. La crise sanitaire cons\u00e9cutive au Covid-19 va engendrer de graves cons\u00e9quences \u00e9conomiques. L\u2019Organisation de Coop\u00e9ration et de D\u00e9veloppement \u00c9conomique (OCDE), dans son rapport publi\u00e9 le 2 mars dernier, estime d\u2019ailleurs que \u00ab la [&hellip;]<\/p>\n","protected":false},"author":1965,"featured_media":0,"comment_status":"closed","ping_status":"closed","sticky":false,"template":"","format":"standard","meta":{"fifu_image_url":"","fifu_image_alt":"","footnotes":""},"categories":[73,82],"tags":[],"class_list":["post-80103","post","type-post","status-publish","format-standard","hentry","category-actualite","category-cameroun"],"_links":{"self":[{"href":"https:\/\/linitiative.ca\/International\/wp-json\/wp\/v2\/posts\/80103","targetHints":{"allow":["GET"]}}],"collection":[{"href":"https:\/\/linitiative.ca\/International\/wp-json\/wp\/v2\/posts"}],"about":[{"href":"https:\/\/linitiative.ca\/International\/wp-json\/wp\/v2\/types\/post"}],"author":[{"embeddable":true,"href":"https:\/\/linitiative.ca\/International\/wp-json\/wp\/v2\/users\/1965"}],"replies":[{"embeddable":true,"href":"https:\/\/linitiative.ca\/International\/wp-json\/wp\/v2\/comments?post=80103"}],"version-history":[{"count":0,"href":"https:\/\/linitiative.ca\/International\/wp-json\/wp\/v2\/posts\/80103\/revisions"}],"wp:attachment":[{"href":"https:\/\/linitiative.ca\/International\/wp-json\/wp\/v2\/media?parent=80103"}],"wp:term":[{"taxonomy":"category","embeddable":true,"href":"https:\/\/linitiative.ca\/International\/wp-json\/wp\/v2\/categories?post=80103"},{"taxonomy":"post_tag","embeddable":true,"href":"https:\/\/linitiative.ca\/International\/wp-json\/wp\/v2\/tags?post=80103"}],"curies":[{"name":"wp","href":"https:\/\/api.w.org\/{rel}","templated":true}]}}