{"id":80107,"date":"2020-03-24T17:18:08","date_gmt":"2020-03-24T21:18:08","guid":{"rendered":"https:\/\/linitiative.ca\/International\/maroc-un-collectif-dassociations-appelle-a-inclure-les-migrants-dans-les-mesures-prises-prochainement-pour-aider-le-secteur-informel\/"},"modified":"2020-03-24T17:18:08","modified_gmt":"2020-03-24T21:18:08","slug":"maroc-un-collectif-dassociations-appelle-a-inclure-les-migrants-dans-les-mesures-prises-prochainement-pour-aider-le-secteur-informel","status":"publish","type":"post","link":"https:\/\/linitiative.ca\/International\/maroc-un-collectif-dassociations-appelle-a-inclure-les-migrants-dans-les-mesures-prises-prochainement-pour-aider-le-secteur-informel\/","title":{"rendered":"Maroc : Un collectif d\u2019associations appelle \u00e0 inclure les migrants dans les mesures prises prochainement pour aider le secteur informel"},"content":{"rendered":"<div readability=\"32\">\n<p>Publi\u00e9 le 24.03.2020 \u00e0 22h18 par APA News<\/p>\n<\/div>\n<div readability=\"72\">\n<p>Un collectif d\u2019associations a appel\u00e9 \u00e0 inclure les migrants \u00e9tablis au Maroc dans les mesures qui seront prises prochainement pour aider le secteur informel, soulignant qu\u2019un nombre important de cette population travaille dans le secteur informel et a \u00e9t\u00e9 oblig\u00e9e d\u2019arr\u00eater ses activit\u00e9s pour pr\u00e9server la sant\u00e9 publique.Dans un m\u00e9morandum \u00a0adress\u00e9 au gouvernement marocain, dont copie est parvenu \u00e0 APA, ce collectif exprime son inqui\u00e9tude pour les ressortissants non marocains en particulier les migrants et r\u00e9fugi\u00e9s qui se trouvent en situation de d\u00e9sarroi et de vuln\u00e9rabilit\u00e9 face \u00e0 la propagation de cette \u00e9pid\u00e9mie \u00a0et \u00e0 la p\u00e9riode de confinement obligatoire.<\/p>\n<p>Selon ce collectif, les migrants de diff\u00e9rentes nationalit\u00e9s n\u2019ont pas acc\u00e8s \u00e0 des informations compl\u00e8tes et exactes ce qui engendre la panique et l\u2019incompr\u00e9hension dans ces communaut\u00e9s.<\/p>\n<p>D\u2019o\u00f9 la n\u00e9cessit\u00e9 \u00ab au gouvernement de bien vouloir traduire en anglais et en fran\u00e7ais les diff\u00e9rents communiqu\u00e9s officiels ainsi que tous les documents n\u00e9cessaires en cette p\u00e9riode de confinement. Ceci facilitera l\u2019acc\u00e8s \u00e0 l\u2019information et limitera le partage des fausses informations\u00bb lit-on dans le m\u00e9morandum sign\u00e9 par \u00a0six associations.<\/p>\n<p>Ces associations tirent la sonnette d\u2019alarme quant \u00e0 \u00a0la dur\u00e9e de validit\u00e9 des cartes de s\u00e9jour d\u2019un nombre important de ressortissants \u00e9trangers qui arrivera \u00e0 \u00e9ch\u00e9ance dans cette p\u00e9riode de confinement.<\/p>\n<p>Pour rassurer ces ressortissants de leur situation administrative au sein du Royaume, le collectif r\u00e9clame \u00a0au gouvernement d\u2019annoncer clairement la prolongation automatique des cartes de s\u00e9jour jusqu\u2019\u00e0 la fin de la p\u00e9riode du confinement.<\/p>\n<p>D\u2019apr\u00e8s le m\u00eame document, \u00ables personnes en situation pr\u00e9caire, comme les migrants, les sans-abri et les mineurs non accompagn\u00e9s, sont particuli\u00e8rement vuln\u00e9rables \u00e0 la pand\u00e9mie autant pour ceux qui vivent dans des logements insalubres ou dans des campements de fortune. Cette situation peut favoriser la propagation du virus parmi des personnes qui sont d\u00e9j\u00e0 en mauvaise sant\u00e9 en raison de leurs conditions de vie. D\u2019autant plus, ces personnes ne peuvent plus acc\u00e9der \u00e0 l\u2019accompagnement des associations locales qui ont d\u00fb arr\u00eater leurs activit\u00e9s\u00bb.<\/p>\n<p>Pour le collectif, il est urgent de \u00ab veiller \u00e0 garantir l\u2019acc\u00e8s au soin et aux services de sant\u00e9 sans discrimination pour les personnes ayant des cartes de s\u00e9jour ou pas \u2013 dans les h\u00f4pitaux publics et centres de sant\u00e9 et d\u2019assurer l\u2019acc\u00e8s \u00e0 l\u2019information dans les h\u00f4pitaux publics \u00bb.<\/p>\n<\/div>\n<p>Auteur: APA News<br \/>\n<a href=\"https:\/\/www.journalducameroun.com\/maroc-un-collectif-dassociations-appelle-a-inclure-les-migrants-dans-les-mesures-prises-prochainement-pour-aider-le-secteur-informel\/\">Cliquez ici pour lire l&rsquo;article depuis sa source.<\/a><\/p>\n","protected":false},"excerpt":{"rendered":"<p>Publi\u00e9 le 24.03.2020 \u00e0 22h18 par APA News Un collectif d\u2019associations a appel\u00e9 \u00e0 inclure les migrants \u00e9tablis au Maroc dans les mesures qui seront prises prochainement pour aider le secteur informel, soulignant qu\u2019un nombre important de cette population travaille dans le secteur informel et a \u00e9t\u00e9 oblig\u00e9e d\u2019arr\u00eater ses activit\u00e9s pour pr\u00e9server la sant\u00e9 [&hellip;]<\/p>\n","protected":false},"author":1965,"featured_media":0,"comment_status":"closed","ping_status":"closed","sticky":false,"template":"","format":"standard","meta":{"fifu_image_url":"","fifu_image_alt":"","footnotes":""},"categories":[73,82],"tags":[],"class_list":["post-80107","post","type-post","status-publish","format-standard","hentry","category-actualite","category-cameroun"],"_links":{"self":[{"href":"https:\/\/linitiative.ca\/International\/wp-json\/wp\/v2\/posts\/80107","targetHints":{"allow":["GET"]}}],"collection":[{"href":"https:\/\/linitiative.ca\/International\/wp-json\/wp\/v2\/posts"}],"about":[{"href":"https:\/\/linitiative.ca\/International\/wp-json\/wp\/v2\/types\/post"}],"author":[{"embeddable":true,"href":"https:\/\/linitiative.ca\/International\/wp-json\/wp\/v2\/users\/1965"}],"replies":[{"embeddable":true,"href":"https:\/\/linitiative.ca\/International\/wp-json\/wp\/v2\/comments?post=80107"}],"version-history":[{"count":0,"href":"https:\/\/linitiative.ca\/International\/wp-json\/wp\/v2\/posts\/80107\/revisions"}],"wp:attachment":[{"href":"https:\/\/linitiative.ca\/International\/wp-json\/wp\/v2\/media?parent=80107"}],"wp:term":[{"taxonomy":"category","embeddable":true,"href":"https:\/\/linitiative.ca\/International\/wp-json\/wp\/v2\/categories?post=80107"},{"taxonomy":"post_tag","embeddable":true,"href":"https:\/\/linitiative.ca\/International\/wp-json\/wp\/v2\/tags?post=80107"}],"curies":[{"name":"wp","href":"https:\/\/api.w.org\/{rel}","templated":true}]}}