{"id":80108,"date":"2020-03-24T17:39:47","date_gmt":"2020-03-24T21:39:47","guid":{"rendered":"https:\/\/linitiative.ca\/International\/manaouda-malachie-fait-appel-a-500-personnels-sanitaires\/"},"modified":"2020-03-24T17:39:47","modified_gmt":"2020-03-24T21:39:47","slug":"manaouda-malachie-fait-appel-a-500-personnels-sanitaires","status":"publish","type":"post","link":"https:\/\/linitiative.ca\/International\/manaouda-malachie-fait-appel-a-500-personnels-sanitaires\/","title":{"rendered":"Manaouda Malachie fait appel \u00e0 500 personnels sanitaires"},"content":{"rendered":"<div id=\"the-post\">\n<div class=\"featured-area featured-area-inner\"><img loading=\"lazy\" decoding=\"async\" width=\"521\" height=\"242\" src=\"https:\/\/ecomatin.net\/wp-content\/uploads\/2020\/03\/minsante-1.png\" class=\"attachment-jannah-image-post size-jannah-image-post wp-post-image\" alt=\"\" srcset=\"https:\/\/ecomatin.net\/wp-content\/uploads\/2020\/03\/minsante-1.png 521w, https:\/\/ecomatin.net\/wp-content\/uploads\/2020\/03\/minsante-1-300x139.png 300w\" sizes=\"auto, (max-width: 521px) 100vw, 521px\" data-attachment-id=\"14271\" data-permalink=\"https:\/\/ecomatin.net\/manaouda-malachie-fait-appel-a-500-personnels-sanitaires\/minsante-2\/\" data-orig-file=\"https:\/\/ecomatin.net\/wp-content\/uploads\/2020\/03\/minsante-1.png\" data-orig-size=\"521,242\" data-comments-opened=\"0\" data-image-meta=\"{&quot;aperture&quot;:&quot;0&quot;,&quot;credit&quot;:&quot;&quot;,&quot;camera&quot;:&quot;&quot;,&quot;caption&quot;:&quot;&quot;,&quot;created_timestamp&quot;:&quot;0&quot;,&quot;copyright&quot;:&quot;&quot;,&quot;focal_length&quot;:&quot;0&quot;,&quot;iso&quot;:&quot;0&quot;,&quot;shutter_speed&quot;:&quot;0&quot;,&quot;title&quot;:&quot;&quot;,&quot;orientation&quot;:&quot;0&quot;}\" data-image-title=\"minsante\" data-image-description=\"\" data-medium-file=\"https:\/\/ecomatin.net\/wp-content\/uploads\/2020\/03\/minsante-1-300x139.png\" data-large-file=\"https:\/\/ecomatin.net\/wp-content\/uploads\/2020\/03\/minsante-1.png\"\/><\/div>\n<div class=\"entry-content entry clearfix\" readability=\"38.3592857143\">\n<p>Dans un communiqu\u00e9 sign\u00e9 le 23 mars, le ministre de la Sant\u00e9 publique, Manaouda Malachie\u00a0\u00ab invite l\u2019ensemble des personnels en cours d\u2019int\u00e9gration, \u00e0 bien vouloir se pr\u00e9senter sans d\u00e9lais dans les d\u00e9l\u00e9gations r\u00e9gionales de la sant\u00e9 publique de leur choix, en vue de leur mobilisation imm\u00e9diate dans le cadre de la riposte au Covid-19\u00a0\u00bb.<\/p>\n<p>Selon les informations lues dans le communiqu\u00e9 qui est parvenu \u00e0 notre r\u00e9daction, il s\u2019agit de plus de 500 personnels de sant\u00e9 qui seront ainsi mobilis\u00e9s sur l\u2019ensemble du territoire pour renforcer les effectifs d\u00e9j\u00e0 d\u00e9ploy\u00e9s sur le terrain.<\/p>\n<p>Toujours dans ce m\u00eame communiqu\u00e9, le ministre rappelle que la lutte contre\u00a0la pand\u00e9mie du Coronavirus est devenue une cause nationale et n\u00e9cessite la mobilisation de toutes les \u00e9nergies pour prot\u00e9ger le pays de celle-ci. Par la suite, il ne manque pas de revenir comme \u00e0 l\u2019accoutum\u00e9e sur le respect des r\u00e8gles d\u2019hygi\u00e8nes par la population.<\/p>\n<div class=\"awac-wrapper awac widget posts-list-widget-13\">\n<h4 class=\"widget-title\">Recent Posts<\/h4>\n<\/div>\n<\/div>\n<\/div>\n<div readability=\"31.5\">\n<div class=\"container-wrapper subscribe-widget widget-inner-wrap subscribe-widget-content\" id=\"post-newsletter\" readability=\"33\">\n<h4>With Product You Purchase<\/h4>\n<h3>Subscribe to our mailing list to get the new updates!<\/h3>\n<p>Lorem ipsum dolor sit amet, consectetur.<\/p>\n<\/div>\n<\/div>\n<p>Auteur: Clovis Mbeng<br \/>\n<a href=\"https:\/\/ecomatin.net\/manaouda-malachie-fait-appel-a-500-personnels-sanitaires\/\">Cliquez ici pour lire l&rsquo;article depuis sa source.<\/a><\/p>\n","protected":false},"excerpt":{"rendered":"<p>Dans un communiqu\u00e9 sign\u00e9 le 23 mars, le ministre de la Sant\u00e9 publique, Manaouda Malachie\u00a0\u00ab invite l\u2019ensemble des personnels en cours d\u2019int\u00e9gration, \u00e0 bien vouloir se pr\u00e9senter sans d\u00e9lais dans les d\u00e9l\u00e9gations r\u00e9gionales de la sant\u00e9 publique de leur choix, en vue de leur mobilisation imm\u00e9diate dans le cadre de la riposte au Covid-19\u00a0\u00bb. Selon [&hellip;]<\/p>\n","protected":false},"author":1969,"featured_media":80109,"comment_status":"closed","ping_status":"closed","sticky":false,"template":"","format":"standard","meta":{"fifu_image_url":"","fifu_image_alt":"","footnotes":""},"categories":[82,78],"tags":[],"class_list":["post-80108","post","type-post","status-publish","format-standard","has-post-thumbnail","hentry","category-cameroun","category-economie"],"_links":{"self":[{"href":"https:\/\/linitiative.ca\/International\/wp-json\/wp\/v2\/posts\/80108","targetHints":{"allow":["GET"]}}],"collection":[{"href":"https:\/\/linitiative.ca\/International\/wp-json\/wp\/v2\/posts"}],"about":[{"href":"https:\/\/linitiative.ca\/International\/wp-json\/wp\/v2\/types\/post"}],"author":[{"embeddable":true,"href":"https:\/\/linitiative.ca\/International\/wp-json\/wp\/v2\/users\/1969"}],"replies":[{"embeddable":true,"href":"https:\/\/linitiative.ca\/International\/wp-json\/wp\/v2\/comments?post=80108"}],"version-history":[{"count":0,"href":"https:\/\/linitiative.ca\/International\/wp-json\/wp\/v2\/posts\/80108\/revisions"}],"wp:featuredmedia":[{"embeddable":true,"href":"https:\/\/linitiative.ca\/International\/wp-json\/"}],"wp:attachment":[{"href":"https:\/\/linitiative.ca\/International\/wp-json\/wp\/v2\/media?parent=80108"}],"wp:term":[{"taxonomy":"category","embeddable":true,"href":"https:\/\/linitiative.ca\/International\/wp-json\/wp\/v2\/categories?post=80108"},{"taxonomy":"post_tag","embeddable":true,"href":"https:\/\/linitiative.ca\/International\/wp-json\/wp\/v2\/tags?post=80108"}],"curies":[{"name":"wp","href":"https:\/\/api.w.org\/{rel}","templated":true}]}}