{"id":80110,"date":"2020-03-24T17:48:06","date_gmt":"2020-03-24T21:48:06","guid":{"rendered":"https:\/\/linitiative.ca\/International\/leglise-catholique-suspend-les-celebrations-eucharistiques\/"},"modified":"2020-03-24T17:48:06","modified_gmt":"2020-03-24T21:48:06","slug":"leglise-catholique-suspend-les-celebrations-eucharistiques","status":"publish","type":"post","link":"https:\/\/linitiative.ca\/International\/leglise-catholique-suspend-les-celebrations-eucharistiques\/","title":{"rendered":"L\u2019Eglise catholique suspend les c\u00e9l\u00e9brations eucharistiques"},"content":{"rendered":"<div id=\"the-post\">\n<div class=\"featured-area featured-area-inner\"><img loading=\"lazy\" decoding=\"async\" width=\"651\" height=\"470\" src=\"https:\/\/ecomatin.net\/wp-content\/uploads\/2020\/03\/eglise_Catholique-651x470.png\" class=\"attachment-jannah-image-post size-jannah-image-post wp-post-image\" alt=\"eglise catholique\" data-attachment-id=\"14277\" data-permalink=\"https:\/\/ecomatin.net\/leglise-catholique-suspend-les-celebrations-eucharistiques\/eglise_catholique\/\" data-orig-file=\"https:\/\/ecomatin.net\/wp-content\/uploads\/2020\/03\/eglise_Catholique.png\" data-orig-size=\"651,489\" data-comments-opened=\"0\" data-image-meta=\"{&quot;aperture&quot;:&quot;0&quot;,&quot;credit&quot;:&quot;&quot;,&quot;camera&quot;:&quot;&quot;,&quot;caption&quot;:&quot;&quot;,&quot;created_timestamp&quot;:&quot;0&quot;,&quot;copyright&quot;:&quot;&quot;,&quot;focal_length&quot;:&quot;0&quot;,&quot;iso&quot;:&quot;0&quot;,&quot;shutter_speed&quot;:&quot;0&quot;,&quot;title&quot;:&quot;&quot;,&quot;orientation&quot;:&quot;0&quot;}\" data-image-title=\"eglise_Catholique\" data-image-description=\"\" data-medium-file=\"https:\/\/ecomatin.net\/wp-content\/uploads\/2020\/03\/eglise_Catholique-300x225.png\" data-large-file=\"https:\/\/ecomatin.net\/wp-content\/uploads\/2020\/03\/eglise_Catholique.png\"\/><\/div>\n<div class=\"entry-content entry clearfix\" readability=\"40.3474576271\">\n<p>A la suite des treize mesures prises par le gouvernement, le clerg\u00e9 catholique au Cameroun se mobile \u00e9galement pour faire face \u00e0 la propagation du coronavirus dans le pays.<\/p>\n<p>Dans la capitale camerounaise, monseigneur Jean Mbarga, archev\u00eaque de Yaound\u00e9, a sign\u00e9 le 23 mars une lettre circulaire dans laquelle il arr\u00eate plusieurs mesures \u00e0 propos des c\u00e9l\u00e9brations. \u00a0<\/p>\n<p>Ainsi, les c\u00e9l\u00e9brations liturgiques et particuli\u00e8rement eucharistiques publiques sont \u00e0 surseoir jusqu\u2019\u00e0 nouvel avis. \u00ab\u00a0Les pr\u00eatres c\u00e9l\u00e9breront donc sans le peuple de Dieu mais en communion avec lui et \u00e0 ses intentions, car un acte liturgique m\u00eame pos\u00e9 seul rester eccl\u00e9sial\u00a0\u00bb, prescrit l\u2019archev\u00eaque de Yaound\u00e9.<\/p>\n<p>Qui a r\u00e9it\u00e9r\u00e9 la possibilit\u00e9 des retransmissions des c\u00e9l\u00e9brations dans les m\u00e9dias et r\u00e9seaux sociaux. Enfin s\u2019adressant aux pr\u00eatres, communaut\u00e9s religieuses et fid\u00e8les la\u00efcs, Mgr Jean Mbarga les invite \u00e0 maintenir allum\u00e9e la flamme de la pri\u00e8re.<\/p>\n<div class=\"awac-wrapper awac widget posts-list-widget-13\">\n<h4 class=\"widget-title\">Recent Posts<\/h4>\n<\/div>\n<\/div>\n<\/div>\n<div readability=\"31.5\">\n<div class=\"container-wrapper subscribe-widget widget-inner-wrap subscribe-widget-content\" id=\"post-newsletter\" readability=\"33\">\n<h4>With Product You Purchase<\/h4>\n<h3>Subscribe to our mailing list to get the new updates!<\/h3>\n<p>Lorem ipsum dolor sit amet, consectetur.<\/p>\n<\/div>\n<\/div>\n<p>Auteur: Clovis Mbeng<br \/>\n<a href=\"https:\/\/ecomatin.net\/leglise-catholique-suspend-les-celebrations-eucharistiques\/\">Cliquez ici pour lire l&rsquo;article depuis sa source.<\/a><\/p>\n","protected":false},"excerpt":{"rendered":"<p>A la suite des treize mesures prises par le gouvernement, le clerg\u00e9 catholique au Cameroun se mobile \u00e9galement pour faire face \u00e0 la propagation du coronavirus dans le pays. Dans la capitale camerounaise, monseigneur Jean Mbarga, archev\u00eaque de Yaound\u00e9, a sign\u00e9 le 23 mars une lettre circulaire dans laquelle il arr\u00eate plusieurs mesures \u00e0 propos [&hellip;]<\/p>\n","protected":false},"author":1969,"featured_media":80111,"comment_status":"closed","ping_status":"closed","sticky":false,"template":"","format":"standard","meta":{"fifu_image_url":"","fifu_image_alt":"","footnotes":""},"categories":[82,78],"tags":[],"class_list":["post-80110","post","type-post","status-publish","format-standard","has-post-thumbnail","hentry","category-cameroun","category-economie"],"_links":{"self":[{"href":"https:\/\/linitiative.ca\/International\/wp-json\/wp\/v2\/posts\/80110","targetHints":{"allow":["GET"]}}],"collection":[{"href":"https:\/\/linitiative.ca\/International\/wp-json\/wp\/v2\/posts"}],"about":[{"href":"https:\/\/linitiative.ca\/International\/wp-json\/wp\/v2\/types\/post"}],"author":[{"embeddable":true,"href":"https:\/\/linitiative.ca\/International\/wp-json\/wp\/v2\/users\/1969"}],"replies":[{"embeddable":true,"href":"https:\/\/linitiative.ca\/International\/wp-json\/wp\/v2\/comments?post=80110"}],"version-history":[{"count":0,"href":"https:\/\/linitiative.ca\/International\/wp-json\/wp\/v2\/posts\/80110\/revisions"}],"wp:featuredmedia":[{"embeddable":true,"href":"https:\/\/linitiative.ca\/International\/wp-json\/"}],"wp:attachment":[{"href":"https:\/\/linitiative.ca\/International\/wp-json\/wp\/v2\/media?parent=80110"}],"wp:term":[{"taxonomy":"category","embeddable":true,"href":"https:\/\/linitiative.ca\/International\/wp-json\/wp\/v2\/categories?post=80110"},{"taxonomy":"post_tag","embeddable":true,"href":"https:\/\/linitiative.ca\/International\/wp-json\/wp\/v2\/tags?post=80110"}],"curies":[{"name":"wp","href":"https:\/\/api.w.org\/{rel}","templated":true}]}}