{"id":80118,"date":"2020-03-25T09:56:13","date_gmt":"2020-03-25T13:56:13","guid":{"rendered":"https:\/\/linitiative.ca\/International\/lance-par-le-ministere-de-linterieur-et-les-far-allo-300-pour-orienter-les-citoyens-sur-le-covid-19\/"},"modified":"2020-03-25T09:56:13","modified_gmt":"2020-03-25T13:56:13","slug":"lance-par-le-ministere-de-linterieur-et-les-far-allo-300-pour-orienter-les-citoyens-sur-le-covid-19","status":"publish","type":"post","link":"https:\/\/linitiative.ca\/International\/lance-par-le-ministere-de-linterieur-et-les-far-allo-300-pour-orienter-les-citoyens-sur-le-covid-19\/","title":{"rendered":"Lanc\u00e9 par le minist\u00e8re de l\u2019Int\u00e9rieur et les FAR : \u00abAllo 300\u00bb pour orienter les citoyens sur le Covid-19"},"content":{"rendered":"<header>\n<\/header>\n<div class=\"entry-content clearfix\" readability=\"48\"><img decoding=\"async\" class=\"post_layout_5_img\" src=\"http:\/\/aujourdhui.ma\/wp-content\/uploads\/2020\/03\/Police-Armee-Royal-Etat-d\u2019urgence-sanitaire-Casablanca.jpg?x29840\" alt=\"Lanc&#xE9; par le minist&#xE8;re de l&#x2019;Int&#xE9;rieur et les FAR : &#xAB;Allo 300&#xBB; pour orienter les citoyens sur le Covid-19\"\/><\/p>\n<p><span class=\"c4\"><strong>En coordination avec les forces arm\u00e9es royales (FAR), le minist\u00e8re de l\u2019Int\u00e9rieur vient de lancer une nouvelle plate-forme \u00abAllo 300\u00bb pour l\u2019assistance des citoyens.<\/strong><\/span> <span id=\"more-338313\"\/><\/p>\n<p>L\u2019annonce est faite dans un communiqu\u00e9 conjoint qui pr\u00e9cise que \u00abvia cette plate-forme t\u00e9l\u00e9phonique qui sera op\u00e9rationnelle 24h\/24, des \u00e9quipes sp\u00e9cialis\u00e9es fourniront des directives, r\u00e9pondront aux questions des citoyens, recevront leurs dol\u00e9ances concernant l\u2019aspect sanitaire du Covid-19 et orienteront les appelants vers les services sp\u00e9cialis\u00e9s selon les cas\u00bb.<\/p>\n<p>Selon la m\u00eame source, \u00abAllo 300\u00bb s\u2019ajoute aux lignes d\u00e9ploy\u00e9es pour le Covid-19. L\u2019objectif \u00e9tant de consolider les m\u00e9canismes et canaux de communication directe, hisser le degr\u00e9 de vigilance des citoyens afin de garantir leur s\u00e9curit\u00e9 sanitaire.<\/p>\n<\/div>\n<p>Auteur: ALM<br \/>\n<a href=\"http:\/\/aujourdhui.ma\/actualite\/lance-par-le-ministere-de-linterieur-et-les-far-allo-300-pour-orienter-les-citoyens-sur-le-covid-19\">Cliquez ici pour lire l&rsquo;article depuis sa source.<\/a><\/p>\n","protected":false},"excerpt":{"rendered":"<p>En coordination avec les forces arm\u00e9es royales (FAR), le minist\u00e8re de l\u2019Int\u00e9rieur vient de lancer une nouvelle plate-forme \u00abAllo 300\u00bb pour l\u2019assistance des citoyens. L\u2019annonce est faite dans un communiqu\u00e9 conjoint qui pr\u00e9cise que \u00abvia cette plate-forme t\u00e9l\u00e9phonique qui sera op\u00e9rationnelle 24h\/24, des \u00e9quipes sp\u00e9cialis\u00e9es fourniront des directives, r\u00e9pondront aux questions des citoyens, recevront leurs [&hellip;]<\/p>\n","protected":false},"author":1759,"featured_media":0,"comment_status":"closed","ping_status":"closed","sticky":false,"template":"","format":"standard","meta":{"fifu_image_url":"","fifu_image_alt":"","footnotes":""},"categories":[73,54],"tags":[],"class_list":["post-80118","post","type-post","status-publish","format-standard","hentry","category-actualite","category-maroc"],"_links":{"self":[{"href":"https:\/\/linitiative.ca\/International\/wp-json\/wp\/v2\/posts\/80118","targetHints":{"allow":["GET"]}}],"collection":[{"href":"https:\/\/linitiative.ca\/International\/wp-json\/wp\/v2\/posts"}],"about":[{"href":"https:\/\/linitiative.ca\/International\/wp-json\/wp\/v2\/types\/post"}],"author":[{"embeddable":true,"href":"https:\/\/linitiative.ca\/International\/wp-json\/wp\/v2\/users\/1759"}],"replies":[{"embeddable":true,"href":"https:\/\/linitiative.ca\/International\/wp-json\/wp\/v2\/comments?post=80118"}],"version-history":[{"count":0,"href":"https:\/\/linitiative.ca\/International\/wp-json\/wp\/v2\/posts\/80118\/revisions"}],"wp:attachment":[{"href":"https:\/\/linitiative.ca\/International\/wp-json\/wp\/v2\/media?parent=80118"}],"wp:term":[{"taxonomy":"category","embeddable":true,"href":"https:\/\/linitiative.ca\/International\/wp-json\/wp\/v2\/categories?post=80118"},{"taxonomy":"post_tag","embeddable":true,"href":"https:\/\/linitiative.ca\/International\/wp-json\/wp\/v2\/tags?post=80118"}],"curies":[{"name":"wp","href":"https:\/\/api.w.org\/{rel}","templated":true}]}}