{"id":80119,"date":"2020-03-25T10:16:56","date_gmt":"2020-03-25T14:16:56","guid":{"rendered":"https:\/\/linitiative.ca\/International\/pendant-lurgence-sanitaire-les-cours-universitaires-sur-la-chaine-arryadia\/"},"modified":"2020-03-25T10:16:56","modified_gmt":"2020-03-25T14:16:56","slug":"pendant-lurgence-sanitaire-les-cours-universitaires-sur-la-chaine-arryadia","status":"publish","type":"post","link":"https:\/\/linitiative.ca\/International\/pendant-lurgence-sanitaire-les-cours-universitaires-sur-la-chaine-arryadia\/","title":{"rendered":"Pendant l\u2019urgence sanitaire : Les cours universitaires sur la cha\u00eene \u00abArryadia\u00bb"},"content":{"rendered":"<header>\n<\/header>\n<div class=\"entry-content clearfix\" readability=\"64\"><img decoding=\"async\" class=\"post_layout_5_img\" src=\"http:\/\/aujourdhui.ma\/wp-content\/uploads\/2020\/03\/Cours-en-ligne.jpg?x29840\" alt=\"Pendant l&#x2019;urgence sanitaire : Les cours universitaires sur la cha&#xEE;ne &#xAB;Arryadia&#xBB;\"\/><\/p>\n<p><span class=\"c4\"><strong>A l\u2019instar des \u00e9coles, les universit\u00e9s se mettent, en \u00e9tat d\u2019urgence sanitaire, aux cours \u00e0 distance t\u00e9l\u00e9vis\u00e9s.<\/strong><\/span> <span id=\"more-338332\"\/><\/p>\n<p>Outre les plates-formes num\u00e9riques, les sites \u00e9lectroniques et les r\u00e9seaux sociaux, le d\u00e9partement de l\u2019enseignement sup\u00e9rieur et de la recherche scientifique vient d\u2019initier, en partenariat avec la soci\u00e9t\u00e9 nationale de radiodiffusion et de t\u00e9l\u00e9vision (SNRT), la diffusion des cours universitaires sur la cha\u00eene \u00abArryadia\u00bb.<\/p>\n<p>Selon les initiateurs, cette diffusion consiste, dans une premi\u00e8re \u00e9tape, en \u00absix s\u00e9ances de trois heures par jour et tout au long de la semaine\u00bb. Les cours comprennent, selon la m\u00eame source, plusieurs mati\u00e8res dispens\u00e9es dans les facult\u00e9s de \u00abChari\u00e2a\u00bb, des Lettres et sciences humaines, des Sciences juridiques, \u00e9conomiques et sociales, des Sciences ainsi que les facult\u00e9s polyvalentes.<\/p>\n<p>Ces cours ont notamment trait au \u00abcycle de licence\u00bb. Ils seront pr\u00e9sent\u00e9s, selon les organisateurs, sous forme de \u00abr\u00e9sum\u00e9s durant une demi-heure tout en mettant l\u2019accent sur l\u2019essentiel\u00bb.<\/p>\n<\/div>\n<p>Auteur: ALM<br \/>\n<a href=\"http:\/\/aujourdhui.ma\/emploi\/formation\/pendant-lurgence-sanitaire-les-cours-universitaires-sur-la-chaine-arryadia\">Cliquez ici pour lire l&rsquo;article depuis sa source.<\/a><\/p>\n","protected":false},"excerpt":{"rendered":"<p>A l\u2019instar des \u00e9coles, les universit\u00e9s se mettent, en \u00e9tat d\u2019urgence sanitaire, aux cours \u00e0 distance t\u00e9l\u00e9vis\u00e9s. Outre les plates-formes num\u00e9riques, les sites \u00e9lectroniques et les r\u00e9seaux sociaux, le d\u00e9partement de l\u2019enseignement sup\u00e9rieur et de la recherche scientifique vient d\u2019initier, en partenariat avec la soci\u00e9t\u00e9 nationale de radiodiffusion et de t\u00e9l\u00e9vision (SNRT), la diffusion des [&hellip;]<\/p>\n","protected":false},"author":1759,"featured_media":0,"comment_status":"closed","ping_status":"closed","sticky":false,"template":"","format":"standard","meta":{"fifu_image_url":"","fifu_image_alt":"","footnotes":""},"categories":[73,54],"tags":[],"class_list":["post-80119","post","type-post","status-publish","format-standard","hentry","category-actualite","category-maroc"],"_links":{"self":[{"href":"https:\/\/linitiative.ca\/International\/wp-json\/wp\/v2\/posts\/80119","targetHints":{"allow":["GET"]}}],"collection":[{"href":"https:\/\/linitiative.ca\/International\/wp-json\/wp\/v2\/posts"}],"about":[{"href":"https:\/\/linitiative.ca\/International\/wp-json\/wp\/v2\/types\/post"}],"author":[{"embeddable":true,"href":"https:\/\/linitiative.ca\/International\/wp-json\/wp\/v2\/users\/1759"}],"replies":[{"embeddable":true,"href":"https:\/\/linitiative.ca\/International\/wp-json\/wp\/v2\/comments?post=80119"}],"version-history":[{"count":0,"href":"https:\/\/linitiative.ca\/International\/wp-json\/wp\/v2\/posts\/80119\/revisions"}],"wp:attachment":[{"href":"https:\/\/linitiative.ca\/International\/wp-json\/wp\/v2\/media?parent=80119"}],"wp:term":[{"taxonomy":"category","embeddable":true,"href":"https:\/\/linitiative.ca\/International\/wp-json\/wp\/v2\/categories?post=80119"},{"taxonomy":"post_tag","embeddable":true,"href":"https:\/\/linitiative.ca\/International\/wp-json\/wp\/v2\/tags?post=80119"}],"curies":[{"name":"wp","href":"https:\/\/api.w.org\/{rel}","templated":true}]}}