{"id":80120,"date":"2020-03-25T10:25:54","date_gmt":"2020-03-25T14:25:54","guid":{"rendered":"https:\/\/linitiative.ca\/International\/mohamed-tazi-porte-la-vie-de-fatema-mernissi-au-cinema\/"},"modified":"2020-03-25T10:25:54","modified_gmt":"2020-03-25T14:25:54","slug":"mohamed-tazi-porte-la-vie-de-fatema-mernissi-au-cinema","status":"publish","type":"post","link":"https:\/\/linitiative.ca\/International\/mohamed-tazi-porte-la-vie-de-fatema-mernissi-au-cinema\/","title":{"rendered":"Mohamed Tazi porte la vie de Fatema Mernissi au cin\u00e9ma"},"content":{"rendered":"<p><img decoding=\"async\" class=\"post_layout_5_img\" src=\"http:\/\/aujourdhui.ma\/wp-content\/uploads\/2020\/03\/Fatema-Mernissi-et-Meryem-Zaimi.jpg?x29840\" alt=\"Mohamed Tazi porte la vie de Fatema Mernissi au cin&#xE9;ma\"\/><\/p>\n<p class=\"p1\"><span class=\"s1 c4\"><strong>Il tournera son film d\u00e8s que la vie reprendra son cours<\/strong><\/span><span id=\"more-338326\"\/><\/p>\n<div class=\"base-box mom_box_sc_custom mom_box_sc clear c5\" readability=\"12\">\n<p class=\"p1\"><strong><span class=\"s1\"><em>\u00abFatema est marquante, pendant 40 ans au moins sur le plan marocain, arabe et international, par ses travaux sur la soci\u00e9t\u00e9 ou son rapport \u00e0 la religion. Je pense que c\u2019est une personnalit\u00e9 qui m\u00e9rite amplement d\u2019\u00eatre trait\u00e9e dans un film cin\u00e9matographique\u00bb.<\/em><\/span><\/strong><\/p>\n<\/div>\n<p class=\"p1\"><span class=\"s1\">Le producteur et r\u00e9alisateur Mohamed Abderrahmane Tazi vient de reporter le tournage de son nouveau film cin\u00e9matographique intitul\u00e9 \u00abFatema, la sultane inoubliable\u00bb. C\u2019est un film sur la vie de la d\u00e9funte dont le sc\u00e9nario est \u00e9crit en collaboration avec la r\u00e9alisatrice Farida Belyazid. <em>\u00abLe tournage devait commencer le 17 mars \u00e0 Zagora, mais pour ne pas exposer l\u2019\u00e9quipe technique et artistique au coronavirus, nous sommes oblig\u00e9s de le reporter \u00e0 une date ult\u00e9rieure\u00bb,<\/em> explique \u00e0 ce sujet le r\u00e9alisateur. A propos du choix de cette personnalit\u00e9 \u00e9minente, le cin\u00e9aste s\u2019est dit qu\u2019il est tr\u00e8s important pour la g\u00e9n\u00e9ration \u00e0 venir de conna\u00eetre les personnalit\u00e9s de son pays. <\/span><\/p>\n<p class=\"p1\"><span class=\"s1\"><em>\u00abFatema est marquante, pendant 40 ans au moins sur le plan marocain, arabe et international, par ses travaux sur la soci\u00e9t\u00e9 ou son rapport \u00e0 la religion. Je pense que c\u2019est une personnalit\u00e9 qui m\u00e9rite amplement d\u2019\u00eatre trait\u00e9e dans un film cin\u00e9matographique\u00bb.<\/em> En effet, ce film qu\u2019il s\u2019appr\u00eate \u00e0 tourner d\u00e8s que la vie reprendra son cours est du genre biographique et traite de la vie d\u2019une sociologue et \u00e9crivaine engag\u00e9e, audacieuse et r\u00e9volutionnaire dans ses actes et ses \u00e9crits. <em>\u00abJ\u2019ai connu, c\u00f4toy\u00e9 et fr\u00e9quent\u00e9 Fatema Mernissi durant plus de 50 ans. A travers les ouvrages de la femme libre et rebelle, elle \u00e9tait \u00e0 l\u2019\u00e9coute du Maroc qui bouge et dans l\u2019observation permanente de ce qui se passe dans la soci\u00e9t\u00e9\u00bb,<\/em> souligne-t-il. Mohamed Abderrahmane Tazi a par ailleurs fait appel \u00e0 la com\u00e9dienne Meryem Zaimi pour interpr\u00e9ter le r\u00f4le principal de ce film.<\/span><\/p>\n<p class=\"p1\"><span class=\"s1\"><em>\u00abJe trouve que c\u2019est une excellente com\u00e9dienne avec beaucoup de talent. De plus, il y a une certaine ressemblance sur le plan physique\u00bb,<\/em> dit-il. En outre, le cin\u00e9aste Mohamed Abderahmane Tazi intervient dans le film en tant qu\u2019acteur car il conna\u00eet parfaitement Fatema Mernissi depuis son enfance. <em>\u00abA plus de 50 ans de carri\u00e8re, je suis aussi motiv\u00e9 et passionn\u00e9 qu\u2019\u00e0 mes d\u00e9buts pour exprimer par ce film une vision subjective certes, mais une volont\u00e9 certaine et une \u00e9nergie p\u00e9renne participant humblement \u00e0 cette m\u00e9moire nationale et dans ce cas pr\u00e9cis \u00e0 une \u00e9poque dont je suis t\u00e9moin, tant\u00f4t observateur tant\u00f4t acteur\u00bb<\/em>. Il faut dire que Mohamed Abderrahmane Tazi travaille sur ce film depuis deux ans et demi. Il a \u00e9t\u00e9 choisi parmi d\u2019autres pour b\u00e9n\u00e9ficier de l\u2019avance sur recette. <em>\u00abNormalement cette avance sur recette doit intervenir un mois avant le tournage. Malheureusement, \u00e0 ce jour, je n\u2019ai pas encore re\u00e7u un centime\u00bb, confie-t-il. Et d\u2019ajouter que<\/em> \u00abson film n\u00e9cessite un budget entre 7 et 8 millions de dirhams\u00bb.<\/span><\/p>\n<p>Auteur: Siham Jadraoui<br \/>\n<a href=\"http:\/\/aujourdhui.ma\/culture\/cinema\/mohamed-tazi-porte-la-vie-de-fatema-mernissi-au-cinema\">Cliquez ici pour lire l&rsquo;article depuis sa source.<\/a><\/p>\n","protected":false},"excerpt":{"rendered":"<p>Il tournera son film d\u00e8s que la vie reprendra son cours \u00abFatema est marquante, pendant 40 ans au moins sur le plan marocain, arabe et international, par ses travaux sur la soci\u00e9t\u00e9 ou son rapport \u00e0 la religion. Je pense que c\u2019est une personnalit\u00e9 qui m\u00e9rite amplement d\u2019\u00eatre trait\u00e9e dans un film cin\u00e9matographique\u00bb. Le producteur [&hellip;]<\/p>\n","protected":false},"author":1759,"featured_media":0,"comment_status":"closed","ping_status":"closed","sticky":false,"template":"","format":"standard","meta":{"fifu_image_url":"","fifu_image_alt":"","footnotes":""},"categories":[73,54],"tags":[],"class_list":["post-80120","post","type-post","status-publish","format-standard","hentry","category-actualite","category-maroc"],"_links":{"self":[{"href":"https:\/\/linitiative.ca\/International\/wp-json\/wp\/v2\/posts\/80120","targetHints":{"allow":["GET"]}}],"collection":[{"href":"https:\/\/linitiative.ca\/International\/wp-json\/wp\/v2\/posts"}],"about":[{"href":"https:\/\/linitiative.ca\/International\/wp-json\/wp\/v2\/types\/post"}],"author":[{"embeddable":true,"href":"https:\/\/linitiative.ca\/International\/wp-json\/wp\/v2\/users\/1759"}],"replies":[{"embeddable":true,"href":"https:\/\/linitiative.ca\/International\/wp-json\/wp\/v2\/comments?post=80120"}],"version-history":[{"count":0,"href":"https:\/\/linitiative.ca\/International\/wp-json\/wp\/v2\/posts\/80120\/revisions"}],"wp:attachment":[{"href":"https:\/\/linitiative.ca\/International\/wp-json\/wp\/v2\/media?parent=80120"}],"wp:term":[{"taxonomy":"category","embeddable":true,"href":"https:\/\/linitiative.ca\/International\/wp-json\/wp\/v2\/categories?post=80120"},{"taxonomy":"post_tag","embeddable":true,"href":"https:\/\/linitiative.ca\/International\/wp-json\/wp\/v2\/tags?post=80120"}],"curies":[{"name":"wp","href":"https:\/\/api.w.org\/{rel}","templated":true}]}}