{"id":80127,"date":"2020-03-25T11:40:54","date_gmt":"2020-03-25T15:40:54","guid":{"rendered":"https:\/\/linitiative.ca\/International\/le-ministere-public-appelle-a-la-stricte-application-du-decret-loi\/"},"modified":"2020-03-25T11:40:54","modified_gmt":"2020-03-25T15:40:54","slug":"le-ministere-public-appelle-a-la-stricte-application-du-decret-loi","status":"publish","type":"post","link":"https:\/\/linitiative.ca\/International\/le-ministere-public-appelle-a-la-stricte-application-du-decret-loi\/","title":{"rendered":"Le minist\u00e8re public appelle \u00e0 la stricte application du d\u00e9cret-loi"},"content":{"rendered":"<div>\n<p class=\"has-text-color has-background has-very-light-gray-color has-vivid-red-background-color\"><strong>La pr&eacute;sidence du minist&egrave;re public a appel&eacute; &agrave; faire preuve de fermet&eacute; dans l&rsquo;application du d&eacute;cret-loi n&deg; 2.20.292 sur les dispositions relatives &agrave; l&rsquo;&eacute;tat d&rsquo;urgence sanitaire et aux proc&eacute;dures de sa d&eacute;claration, publi&eacute; au bulletin officiel (num&eacute;ro 6867 bis) dans son &eacute;dition du 24 mars 2020.<\/strong><\/p>\n<p>Dans un communiqu&eacute;, la pr&eacute;sidence du<br \/>\nparquet a invit&eacute; le premier avocat g&eacute;n&eacute;ral, les avocats g&eacute;n&eacute;raux &agrave; la Cour de<br \/>\ncassation, les procureurs du Roi pr&egrave;s les Cours d&rsquo;appel et des Cours d&rsquo;appel de<br \/>\ncommerce et les procureurs du Roi pr&egrave;s les tribunaux de premi&egrave;re instance et<br \/>\nles tribunaux de commerce &agrave; veiller &agrave; l&rsquo;application rigoureuse des dispositions<br \/>\ndu d&eacute;cret-loi.<\/p>\n<p>Il s&rsquo;agit, en particulier, d&rsquo;intenter sans<br \/>\nh&eacute;sitation une action publique et de mener des enqu&ecirc;tes concernant les<br \/>\ninfractions en mati&egrave;re d&rsquo;application des mesures prises par les autorit&eacute;s<br \/>\npubliques en temps d&rsquo;urgence sanitaire, soit au moyen de d&eacute;crets, de d&eacute;cisions<br \/>\nadministratives, de circulaires ou de communiqu&eacute;s, pr&eacute;cise le communiqu&eacute;,<br \/>\nsoulignant l&rsquo;importance de soutenir ces mesures pr&eacute;ventives en vue de pr&eacute;server<br \/>\nla vie des citoyens et leur sant&eacute;.<\/p>\n<p>La mise en application des mesures<br \/>\nr&eacute;pressives telles que stipul&eacute;es par le d&eacute;cret-loi, ajoute-t-on, est n&eacute;cessaire<br \/>\n&agrave; l&rsquo;encontre des contrevenants qui m&eacute;prisent la vie des citoyens et leur<br \/>\ns&eacute;curit&eacute; en les exposant au danger. Le minist&egrave;re public met en avant la prise<br \/>\nde conscience par les citoyens du danger de la pand&eacute;mie et du respect des<br \/>\nmesures de pr&eacute;vention et de traitement envisag&eacute;es ainsi que leur engagement en<br \/>\nfaveur de leur mise en &oelig;uvre.<\/p>\n<p>Cet appel &agrave; la fermet&eacute;, ajoute-t-on,<br \/>\nconcerne tout acte commis &agrave; partir du 24 mars 2020, date de publication du<br \/>\nd&eacute;cret-loi au Bulletin Officiel et ce jusqu&rsquo;au 20 avril 2020 &agrave; 18H00, date de<br \/>\nla fin de l&rsquo;&eacute;tat d&rsquo;urgence sanitaire, &agrave; moins que ce d&eacute;lai ne soit prolong&eacute; par<br \/>\nd&eacute;cret.<\/p>\n<p>Conform&eacute;ment au d&eacute;cret-loi, l&rsquo;&eacute;tat<br \/>\nd&rsquo;urgence sanitaire est d&eacute;clar&eacute; en cas de n&eacute;cessit&eacute; par d&eacute;cret, sur proposition<br \/>\nconjointe des deux autorit&eacute;s gouvernementales de l&rsquo;Int&eacute;rieur et de la Sant&eacute;,<br \/>\nlequel texte devra sp&eacute;cifier le contexte g&eacute;ographique de son application, sa<br \/>\ndur&eacute;e ainsi que les mesures y aff&eacute;rentes.<\/p>\n<p>Le texte permet au gouvernement de<br \/>\nprendre, en cas de n&eacute;cessit&eacute; absolue, des mesures exceptionnelles urgentes &agrave;<br \/>\ncaract&egrave;re &eacute;conomique, financier, social ou environnemental, &agrave; m&ecirc;me de<br \/>\ncontribuer directement &agrave; faire face aux impacts n&eacute;gatifs de l&rsquo;&Eacute;tat d&rsquo;urgence<br \/>\nd&eacute;clar&eacute;.<\/p>\n<p>Ces mesures entreprises par le gouvernement<br \/>\nen &eacute;tat d&rsquo;urgence sanitaire permettent &eacute;galement une intervention imm&eacute;diate et<br \/>\nurgente pour parer &agrave; tout d&eacute;veloppement &eacute;ventuel de la situation<br \/>\n&eacute;pid&eacute;miologique ainsi que pour la mobilisation de tous les moyens disponibles<br \/>\npour pr&eacute;server la vie des personnes et garantir leur s&eacute;curit&eacute;.<\/p>\n<p>Le d&eacute;cret-loi sur les dispositions<br \/>\nrelatives &agrave; l&rsquo;&eacute;tat d&rsquo;urgence sanitaire et aux proc&eacute;dures de sa d&eacute;claration<br \/>\nstipule que toute personne se trouvant dans une r&eacute;gion concern&eacute;e par l&rsquo;&eacute;tat<br \/>\nd&rsquo;urgence sanitaire devra se conformer aux d&eacute;cisions &eacute;manant des autorit&eacute;s<br \/>\npubliques.<\/p>\n<p>Tout contrevenant est passible d&rsquo;une peine<br \/>\nd&rsquo;un mois &agrave; trois mois de prison assortie d&rsquo;une amende de 300 &agrave; 1.300 DH ou<br \/>\nl&rsquo;une des deux peines, sans pr&eacute;judice de la sanction la plus lourde. Les m&ecirc;mes<br \/>\nsanctions sont pr&eacute;vues contre tous ceux qui enfreignent les d&eacute;cisions des<br \/>\nautorit&eacute;s publiques en ayant recours &agrave; la violence, &agrave; la menace, &agrave; la fraude ou<br \/>\n&agrave; la contrainte.<\/p>\n<p>Le texte pr&eacute;voit la m&ecirc;me peine pour toute<br \/>\npersonne qui incite autrui &agrave; entraver ou &agrave; contrevenir les d&eacute;cisions des<br \/>\nautorit&eacute;s au moyen de discours ou de menaces lors de r&eacute;unions publiques ou bien<br \/>\npar &eacute;crits, pancartes, photos ou des enregistrements mis en vente, distribu&eacute;s<br \/>\nou expos&eacute;s au public via les diff&eacute;rents m&eacute;dias audiovisuels ou &eacute;lectroniques,<br \/>\nou encore tout moyen utilisant un support &eacute;lectronique &agrave; cet effet.<\/p>\n<p>Il met aussi l&rsquo;accent sur les mesures<br \/>\nentreprises par le gouvernement visant &agrave; interdire aux personnes de quitter<br \/>\nleurs lieux de r&eacute;sidences et interdire &eacute;galement tout rassemblement,<br \/>\nattroupement ou r&eacute;union non-professionnelle d&rsquo;un groupe de personnes, quelles<br \/>\nqu&rsquo;en soient les causes.<\/p>\n<p>Le m&ecirc;me texte autorise aux walis de<br \/>\nr&eacute;gions et gouverneurs de pr&eacute;fectures et provinces de prendre toutes les<br \/>\nmesures pr&eacute;ventives, afin de pr&eacute;server l&rsquo;ordre public sanitaire.<\/p>\n<p>L&rsquo;article <a rel=\"nofollow\" href=\"http:\/\/albayane.press.ma\/le-ministere-public-appelle-a-la-stricte-application-du-decret-loi.html\">Le minist&egrave;re public appelle &agrave; la stricte application du d&eacute;cret-loi<\/a> est apparu en premier sur <a rel=\"nofollow\" href=\"http:\/\/albayane.press.ma\/\">ALBAYANE<\/a>.<\/p>\n<\/div>\n<p>Auteur: M&rsquo;hammed rahal<br \/>\n<a href=\"http:\/\/albayane.press.ma\/le-ministere-public-appelle-a-la-stricte-application-du-decret-loi.html\">Cliquez ici pour lire l&rsquo;article depuis sa source.<\/a><\/p>\n","protected":false},"excerpt":{"rendered":"<p>La pr&eacute;sidence du minist&egrave;re public a appel&eacute; &agrave; faire preuve de fermet&eacute; dans l&rsquo;application du d&eacute;cret-loi n&deg; 2.20.292 sur les dispositions relatives &agrave; l&rsquo;&eacute;tat d&rsquo;urgence sanitaire et aux proc&eacute;dures de sa d&eacute;claration, publi&eacute; au bulletin officiel (num&eacute;ro 6867 bis) dans son &eacute;dition du 24 mars 2020. Dans un communiqu&eacute;, la pr&eacute;sidence du parquet a invit&eacute; [&hellip;]<\/p>\n","protected":false},"author":1760,"featured_media":0,"comment_status":"closed","ping_status":"closed","sticky":false,"template":"","format":"standard","meta":{"fifu_image_url":"","fifu_image_alt":"","footnotes":""},"categories":[73,54],"tags":[],"class_list":["post-80127","post","type-post","status-publish","format-standard","hentry","category-actualite","category-maroc"],"_links":{"self":[{"href":"https:\/\/linitiative.ca\/International\/wp-json\/wp\/v2\/posts\/80127","targetHints":{"allow":["GET"]}}],"collection":[{"href":"https:\/\/linitiative.ca\/International\/wp-json\/wp\/v2\/posts"}],"about":[{"href":"https:\/\/linitiative.ca\/International\/wp-json\/wp\/v2\/types\/post"}],"author":[{"embeddable":true,"href":"https:\/\/linitiative.ca\/International\/wp-json\/wp\/v2\/users\/1760"}],"replies":[{"embeddable":true,"href":"https:\/\/linitiative.ca\/International\/wp-json\/wp\/v2\/comments?post=80127"}],"version-history":[{"count":0,"href":"https:\/\/linitiative.ca\/International\/wp-json\/wp\/v2\/posts\/80127\/revisions"}],"wp:attachment":[{"href":"https:\/\/linitiative.ca\/International\/wp-json\/wp\/v2\/media?parent=80127"}],"wp:term":[{"taxonomy":"category","embeddable":true,"href":"https:\/\/linitiative.ca\/International\/wp-json\/wp\/v2\/categories?post=80127"},{"taxonomy":"post_tag","embeddable":true,"href":"https:\/\/linitiative.ca\/International\/wp-json\/wp\/v2\/tags?post=80127"}],"curies":[{"name":"wp","href":"https:\/\/api.w.org\/{rel}","templated":true}]}}