{"id":80129,"date":"2020-03-25T09:35:00","date_gmt":"2020-03-25T13:35:00","guid":{"rendered":"https:\/\/linitiative.ca\/International\/lutte-contre-la-propagation-du-covid-19-mesures-sanitaires-dans-les-centres-dhebergement-des-refugies\/"},"modified":"2020-03-25T09:35:00","modified_gmt":"2020-03-25T13:35:00","slug":"lutte-contre-la-propagation-du-covid-19-mesures-sanitaires-dans-les-centres-dhebergement-des-refugies","status":"publish","type":"post","link":"https:\/\/linitiative.ca\/International\/lutte-contre-la-propagation-du-covid-19-mesures-sanitaires-dans-les-centres-dhebergement-des-refugies\/","title":{"rendered":"Lutte contre la propagation du Covid-19 : Mesures sanitaires dans les centres d\u2019h\u00e9bergement des r\u00e9fugi\u00e9s"},"content":{"rendered":"<p>Le haut-commissariat des nations unis pour les r\u00e9fugi\u00e9s (UNHCR) a annonc\u00e9 que des mesures sanitaires et pr\u00e9ventives ont \u00e9t\u00e9 prises pour \u00e9viter la propagation du coronavirus dans les centres d\u2019h\u00e9bergement des r\u00e9fugi\u00e9s et demandeurs d\u2019asile en Tunisie.<\/p>\n<p>Des produits sanitaires et \u00e9quipements ont \u00e9t\u00e9 fournis aux lieux de regroupements et centres d\u2019h\u00e9bergement des r\u00e9fugi\u00e9s, notamment \u00e0 M\u00e9denine et Zarzis en vue de soutenir les efforts de l\u2019Etat dans la prise en charge des r\u00e9fugi\u00e9s, selon un communiqu\u00e9 publi\u00e9 conjointement par le Bureau du UNHCR \u00e0 Tunis et ses partenaires \u00e0 savoir, l\u2019institut arabe des droits de l\u2019Homme, le conseil tunisien pour les r\u00e9fugi\u00e9s et l\u2019Association tunisienne pour la gestion et l\u2019\u00e9quilibre social.<\/p>\n<p>Selon ce communiqu\u00e9, les op\u00e9rations de d\u00e9sinfection et de nettoyage des centres d\u2019h\u00e9bergement ont \u00e9t\u00e9 intensifi\u00e9es avec l\u2019aide et l\u2019apport des r\u00e9fugi\u00e9s. Des campagnes de sensibilisation sont men\u00e9es \u00e0 travers des documents et d\u00e9pliants comportant des informations sur les m\u00e9thodes de pr\u00e9vention et les r\u00e8gles d\u2019hygi\u00e8ne qui ont \u00e9t\u00e9 distribu\u00e9s aux personnes h\u00e9berg\u00e9es ainsi qu\u2019\u00e0 travers des sms et des vid\u00e9os diffus\u00e9es sur les pages de l\u2019Institut arabe des droits de l\u2019Homme dans les trois langues (arabe, fran\u00e7ais et anglais).<\/p>\n<p>Un m\u00e9decin sera disponible sur place dans tous les centres d\u2019h\u00e9bergement des refugi\u00e9s \u00e0 raison de 4 heures par jour pour assurer la sensibilisation et les soins et 3 logements st\u00e9rilis\u00e9s abriteront les cas soumis \u00e0 l\u2019isolement sanitaire et ce, en collaboration avec les autorit\u00e9s tunisiennes, lit-on dans ce communiqu\u00e9.<\/p>\n<div class=\"wp-post-author-wrap wp-post-author-shortcode left\">\n<h3 class=\"awpa-title\"\/>\n<div class=\"wp-post-author\">\n<div class=\"awpa-img awpa-author-block square\"><a href=\"http:\/\/lexpertjournal.net\/fr\/?author=5\"><img loading=\"lazy\" decoding=\"async\" alt=\"\" src=\"http:\/\/0.gravatar.com\/avatar\/97f8e10a1c1125ba104a76514ee07b16?s=150&amp;d=mm&amp;r=g\" srcset=\"http:\/\/0.gravatar.com\/avatar\/97f8e10a1c1125ba104a76514ee07b16?s=300&amp;d=mm&amp;r=g 2x\" class=\"avatar avatar-150 photo\" height=\"150\" width=\"150\"\/><\/a><\/div>\n<\/div>\n<\/div>\n<aside class=\"mashsb-container mashsb-main mashsb-stretched\">\n<\/aside>\n<p>Auteur: L&rsquo;expert<br \/>\n<a href=\"http:\/\/lexpertjournal.net\/fr\/?p=13228\">Cliquez ici pour lire l&rsquo;article depuis sa source.<\/a><\/p>\n","protected":false},"excerpt":{"rendered":"<p>Le haut-commissariat des nations unis pour les r\u00e9fugi\u00e9s (UNHCR) a annonc\u00e9 que des mesures sanitaires et pr\u00e9ventives ont \u00e9t\u00e9 prises pour \u00e9viter la propagation du coronavirus dans les centres d\u2019h\u00e9bergement des r\u00e9fugi\u00e9s et demandeurs d\u2019asile en Tunisie. Des produits sanitaires et \u00e9quipements ont \u00e9t\u00e9 fournis aux lieux de regroupements et centres d\u2019h\u00e9bergement des r\u00e9fugi\u00e9s, notamment [&hellip;]<\/p>\n","protected":false},"author":1775,"featured_media":0,"comment_status":"closed","ping_status":"closed","sticky":false,"template":"","format":"standard","meta":{"fifu_image_url":"","fifu_image_alt":"","footnotes":""},"categories":[78,55],"tags":[],"class_list":["post-80129","post","type-post","status-publish","format-standard","hentry","category-economie","category-tunisie"],"_links":{"self":[{"href":"https:\/\/linitiative.ca\/International\/wp-json\/wp\/v2\/posts\/80129","targetHints":{"allow":["GET"]}}],"collection":[{"href":"https:\/\/linitiative.ca\/International\/wp-json\/wp\/v2\/posts"}],"about":[{"href":"https:\/\/linitiative.ca\/International\/wp-json\/wp\/v2\/types\/post"}],"author":[{"embeddable":true,"href":"https:\/\/linitiative.ca\/International\/wp-json\/wp\/v2\/users\/1775"}],"replies":[{"embeddable":true,"href":"https:\/\/linitiative.ca\/International\/wp-json\/wp\/v2\/comments?post=80129"}],"version-history":[{"count":0,"href":"https:\/\/linitiative.ca\/International\/wp-json\/wp\/v2\/posts\/80129\/revisions"}],"wp:attachment":[{"href":"https:\/\/linitiative.ca\/International\/wp-json\/wp\/v2\/media?parent=80129"}],"wp:term":[{"taxonomy":"category","embeddable":true,"href":"https:\/\/linitiative.ca\/International\/wp-json\/wp\/v2\/categories?post=80129"},{"taxonomy":"post_tag","embeddable":true,"href":"https:\/\/linitiative.ca\/International\/wp-json\/wp\/v2\/tags?post=80129"}],"curies":[{"name":"wp","href":"https:\/\/api.w.org\/{rel}","templated":true}]}}