{"id":80130,"date":"2020-03-25T09:38:32","date_gmt":"2020-03-25T13:38:32","guid":{"rendered":"https:\/\/linitiative.ca\/International\/delais-judiciaires-et-confinement-le-csm-soumet-un-projet-de-loi-a-larp\/"},"modified":"2020-03-25T09:38:32","modified_gmt":"2020-03-25T13:38:32","slug":"delais-judiciaires-et-confinement-le-csm-soumet-un-projet-de-loi-a-larp","status":"publish","type":"post","link":"https:\/\/linitiative.ca\/International\/delais-judiciaires-et-confinement-le-csm-soumet-un-projet-de-loi-a-larp\/","title":{"rendered":"D\u00e9lais judiciaires et confinement : Le CSM soumet un projet de loi \u00e0 l\u2019ARP"},"content":{"rendered":"<p>Le conseil sup\u00e9rieur de la magistrature (CSM) a indiqu\u00e9 avoir soumis \u00e0 l\u2019assembl\u00e9e des repr\u00e9sentants du peuple (ARP) un projet de loi relatif aux dispositions exceptionnelles concernant les d\u00e9lais judiciaires.<\/p>\n<p>Le CSM a demand\u00e9 d\u2019acc\u00e9l\u00e9rer l\u2019examen de ce projet loi, pour garantir l\u2019\u00e9galit\u00e9 d\u2019acc\u00e8s \u00e0 la justice pour les justiciables, indique mardi un communiqu\u00e9 publi\u00e9 par le CSM.<\/p>\n<p>Une source au CSM a d\u00e9clar\u00e9 que cette d\u00e9marche qui s\u2019inscrit dans le cadre de l\u2019exercice des pr\u00e9rogatives constitutionnelles du Conseil a \u00e9t\u00e9 d\u00e9cid\u00e9e suite \u00e0 la perturbation observ\u00e9e au niveau des proc\u00e9dures dans les tribunaux en raison de la situation sanitaire dans le pays.<\/p>\n<p>La m\u00eame source rappelle que le Conseil est appel\u00e9 \u00e0 assurer la bonne marche du pouvoir judiciaire notamment suite \u00e0 la suspension du travail dans les tribunaux.<\/p>\n<p>Notons que le minist\u00e8re de la Justice avait annonc\u00e9 la poursuite suspension du travail dans tous les tribunaux du 23 Mars courant au 04 avril 2020.<\/p>\n<p>Il a ajout\u00e9 que seuls le parquet, l\u2019instruction, les chambres p\u00e9nales et les greffiers y relevant continueront d\u2019exercer leurs fonctions.<\/p>\n<div class=\"wp-post-author-wrap wp-post-author-shortcode left\">\n<h3 class=\"awpa-title\"\/>\n<div class=\"wp-post-author\">\n<div class=\"awpa-img awpa-author-block square\"><a href=\"http:\/\/lexpertjournal.net\/fr\/?author=5\"><img loading=\"lazy\" decoding=\"async\" alt=\"\" src=\"http:\/\/0.gravatar.com\/avatar\/97f8e10a1c1125ba104a76514ee07b16?s=150&amp;d=mm&amp;r=g\" srcset=\"http:\/\/0.gravatar.com\/avatar\/97f8e10a1c1125ba104a76514ee07b16?s=300&amp;d=mm&amp;r=g 2x\" class=\"avatar avatar-150 photo\" height=\"150\" width=\"150\"\/><\/a><\/div>\n<\/div>\n<\/div>\n<aside class=\"mashsb-container mashsb-main mashsb-stretched\">\n<\/aside>\n<p>Auteur: L&rsquo;expert<br \/>\n<a href=\"http:\/\/lexpertjournal.net\/fr\/?p=13231\">Cliquez ici pour lire l&rsquo;article depuis sa source.<\/a><\/p>\n","protected":false},"excerpt":{"rendered":"<p>Le conseil sup\u00e9rieur de la magistrature (CSM) a indiqu\u00e9 avoir soumis \u00e0 l\u2019assembl\u00e9e des repr\u00e9sentants du peuple (ARP) un projet de loi relatif aux dispositions exceptionnelles concernant les d\u00e9lais judiciaires. Le CSM a demand\u00e9 d\u2019acc\u00e9l\u00e9rer l\u2019examen de ce projet loi, pour garantir l\u2019\u00e9galit\u00e9 d\u2019acc\u00e8s \u00e0 la justice pour les justiciables, indique mardi un communiqu\u00e9 publi\u00e9 [&hellip;]<\/p>\n","protected":false},"author":1775,"featured_media":0,"comment_status":"closed","ping_status":"closed","sticky":false,"template":"","format":"standard","meta":{"fifu_image_url":"","fifu_image_alt":"","footnotes":""},"categories":[78,55],"tags":[],"class_list":["post-80130","post","type-post","status-publish","format-standard","hentry","category-economie","category-tunisie"],"_links":{"self":[{"href":"https:\/\/linitiative.ca\/International\/wp-json\/wp\/v2\/posts\/80130","targetHints":{"allow":["GET"]}}],"collection":[{"href":"https:\/\/linitiative.ca\/International\/wp-json\/wp\/v2\/posts"}],"about":[{"href":"https:\/\/linitiative.ca\/International\/wp-json\/wp\/v2\/types\/post"}],"author":[{"embeddable":true,"href":"https:\/\/linitiative.ca\/International\/wp-json\/wp\/v2\/users\/1775"}],"replies":[{"embeddable":true,"href":"https:\/\/linitiative.ca\/International\/wp-json\/wp\/v2\/comments?post=80130"}],"version-history":[{"count":0,"href":"https:\/\/linitiative.ca\/International\/wp-json\/wp\/v2\/posts\/80130\/revisions"}],"wp:attachment":[{"href":"https:\/\/linitiative.ca\/International\/wp-json\/wp\/v2\/media?parent=80130"}],"wp:term":[{"taxonomy":"category","embeddable":true,"href":"https:\/\/linitiative.ca\/International\/wp-json\/wp\/v2\/categories?post=80130"},{"taxonomy":"post_tag","embeddable":true,"href":"https:\/\/linitiative.ca\/International\/wp-json\/wp\/v2\/tags?post=80130"}],"curies":[{"name":"wp","href":"https:\/\/api.w.org\/{rel}","templated":true}]}}