{"id":80132,"date":"2020-03-25T09:46:22","date_gmt":"2020-03-25T13:46:22","guid":{"rendered":"https:\/\/linitiative.ca\/International\/situation-de-plus-en-plus-alarmante-une-4eme-victime-du-covid-19-en-tunisie\/"},"modified":"2020-03-25T09:46:22","modified_gmt":"2020-03-25T13:46:22","slug":"situation-de-plus-en-plus-alarmante-une-4eme-victime-du-covid-19-en-tunisie","status":"publish","type":"post","link":"https:\/\/linitiative.ca\/International\/situation-de-plus-en-plus-alarmante-une-4eme-victime-du-covid-19-en-tunisie\/","title":{"rendered":"Situation de plus en plus alarmante :  Une 4\u00e8me victime du Covid-19 en Tunisie"},"content":{"rendered":"<p>Le directeur de la sant\u00e9 pr\u00e9ventive \u00e0 Mahdia, Samir Lahouel a annonc\u00e9 le d\u00e9c\u00e8s du premier patient atteint du nouveau coronavirus \u00e0 Boumerdes, mardi 24 mars 2020, ce qui porte \u00e0 4 le nombre de d\u00e9c\u00e8s dus au Covid-19 dans le pays.<\/p>\n<p>Le d\u00e9funt \u00e2g\u00e9 de 65 ans est revenu de l\u2019Italie le 21 f\u00e9vrier dernier. Il a \u00e9t\u00e9 pris en charge \u00e0 l\u2019h\u00f4pital Farhat Hached de Sousse, depuis<\/p>\n<p>le 9 mars 2020. Il s\u2019agit du deuxi\u00e8me cas de contamination au coronavirus confirm\u00e9 en Tunisie.<\/p>\n<p>Le d\u00e9funt qui est originaire de la ville de Boumerdes a contamin\u00e9 sa femme, prise en charge au m\u00eame h\u00f4pital, et son fr\u00e8re. Ce dernier est actuellement plac\u00e9 en auto-isolement chez lui, sachant que les deux sont en voie de gu\u00e9rison, selon la m\u00eame source.<\/p>\n<div class=\"wp-post-author-wrap wp-post-author-shortcode left\">\n<h3 class=\"awpa-title\"\/>\n<div class=\"wp-post-author\">\n<div class=\"awpa-img awpa-author-block square\"><a href=\"http:\/\/lexpertjournal.net\/fr\/?author=5\"><img loading=\"lazy\" decoding=\"async\" alt=\"\" src=\"http:\/\/0.gravatar.com\/avatar\/97f8e10a1c1125ba104a76514ee07b16?s=150&amp;d=mm&amp;r=g\" srcset=\"http:\/\/0.gravatar.com\/avatar\/97f8e10a1c1125ba104a76514ee07b16?s=300&amp;d=mm&amp;r=g 2x\" class=\"avatar avatar-150 photo\" height=\"150\" width=\"150\"\/><\/a><\/div>\n<\/div>\n<\/div>\n<aside class=\"mashsb-container mashsb-main mashsb-stretched\">\n<\/aside>\n<p>Auteur: L&rsquo;expert<br \/>\n<a href=\"http:\/\/lexpertjournal.net\/fr\/?p=13237\">Cliquez ici pour lire l&rsquo;article depuis sa source.<\/a><\/p>\n","protected":false},"excerpt":{"rendered":"<p>Le directeur de la sant\u00e9 pr\u00e9ventive \u00e0 Mahdia, Samir Lahouel a annonc\u00e9 le d\u00e9c\u00e8s du premier patient atteint du nouveau coronavirus \u00e0 Boumerdes, mardi 24 mars 2020, ce qui porte \u00e0 4 le nombre de d\u00e9c\u00e8s dus au Covid-19 dans le pays. Le d\u00e9funt \u00e2g\u00e9 de 65 ans est revenu de l\u2019Italie le 21 f\u00e9vrier [&hellip;]<\/p>\n","protected":false},"author":1775,"featured_media":0,"comment_status":"closed","ping_status":"closed","sticky":false,"template":"","format":"standard","meta":{"fifu_image_url":"","fifu_image_alt":"","footnotes":""},"categories":[78,55],"tags":[],"class_list":["post-80132","post","type-post","status-publish","format-standard","hentry","category-economie","category-tunisie"],"_links":{"self":[{"href":"https:\/\/linitiative.ca\/International\/wp-json\/wp\/v2\/posts\/80132","targetHints":{"allow":["GET"]}}],"collection":[{"href":"https:\/\/linitiative.ca\/International\/wp-json\/wp\/v2\/posts"}],"about":[{"href":"https:\/\/linitiative.ca\/International\/wp-json\/wp\/v2\/types\/post"}],"author":[{"embeddable":true,"href":"https:\/\/linitiative.ca\/International\/wp-json\/wp\/v2\/users\/1775"}],"replies":[{"embeddable":true,"href":"https:\/\/linitiative.ca\/International\/wp-json\/wp\/v2\/comments?post=80132"}],"version-history":[{"count":0,"href":"https:\/\/linitiative.ca\/International\/wp-json\/wp\/v2\/posts\/80132\/revisions"}],"wp:attachment":[{"href":"https:\/\/linitiative.ca\/International\/wp-json\/wp\/v2\/media?parent=80132"}],"wp:term":[{"taxonomy":"category","embeddable":true,"href":"https:\/\/linitiative.ca\/International\/wp-json\/wp\/v2\/categories?post=80132"},{"taxonomy":"post_tag","embeddable":true,"href":"https:\/\/linitiative.ca\/International\/wp-json\/wp\/v2\/tags?post=80132"}],"curies":[{"name":"wp","href":"https:\/\/api.w.org\/{rel}","templated":true}]}}