{"id":80133,"date":"2020-03-25T12:07:00","date_gmt":"2020-03-25T16:07:00","guid":{"rendered":"https:\/\/linitiative.ca\/International\/covid-19-djerrad-annonce-des-mesures-complementaires\/"},"modified":"2020-03-25T12:07:00","modified_gmt":"2020-03-25T16:07:00","slug":"covid-19-djerrad-annonce-des-mesures-complementaires","status":"publish","type":"post","link":"https:\/\/linitiative.ca\/International\/covid-19-djerrad-annonce-des-mesures-complementaires\/","title":{"rendered":"Covid-19 : Djerrad annonce des mesures compl\u00e9mentaires"},"content":{"rendered":"<div id=\"originalText\" readability=\"87\">\n<p class=\"c6\">Le Premier ministre, Abdelaziz Djerad, a pris\u00a0un nouveau d\u00e9cret fixant des mesures compl\u00e9mentaires de pr\u00e9vention et de\u00a0lutte contre la propagation du Coronavirus (COVID-19) sur le territoire national, indique mercredi un communiqu\u00e9 des services du Premier ministre.\u00a0<br \/>\u00ab\u00a0En application des directives de Monsieur le Pr\u00e9sident de la R\u00e9publique,\u00a0le Premier ministre, Monsieur Abdelaziz Djerad, a pris, ce mardi 24 mars,\u00a0un nouveau d\u00e9cret fixant des mesures compl\u00e9mentaires de pr\u00e9vention et de lutte contre la propagation du Coronavirus (COVID-19) sur le territoire national\u00a0\u00bb, note la m\u00eame source.\u00a0<br \/>Le nouveau texte, qui comporte 20 articles, \u00ab\u00a0s&rsquo;attache \u00e0 d\u00e9finir les\u00a0mesures destin\u00e9es \u00e0 la mise en place de dispositifs de confinement, de\u00a0restriction de la circulation et d&rsquo;encadrement des activit\u00e9s de commerce et\u00a0 d&rsquo;approvisionnement des citoyens\u00a0\u00bb.\u00a0\u00a0<br \/>Dans le m\u00eame temps, \u00ab\u00a0il vise \u00e0 \u00e9tablir les r\u00e8gles de distanciation ainsi\u00a0que les modalit\u00e9s de mobilisation citoyenne dans l&rsquo;effort national de lutte\u00a0contre la propagation de la pand\u00e9mie\u00a0\u00bb. A ce titre, \u00ab\u00a0il est instaur\u00e9, dans toute wilaya et\/ou commune d\u00e9clar\u00e9e comme foyer de l&rsquo;\u00e9pid\u00e9mie du\u00a0Coronavirus par l&rsquo;autorit\u00e9 sanitaire nationale, un dispositif de confinement \u00e0 domicile auquel sera soumise toute personne se trouvant sur\u00a0le territoire de la collectivit\u00e9 concern\u00e9e\u00a0\u00bb.\u00a0<br \/>Voici, par ailleurs, les principales d\u00e9cisions contenues dans ce d\u00e9cret\u00a0ex\u00e9cutif :\u00a0<br \/>Le confinement \u00e0 domicile peut \u00eatre total ou partiel, et pour des p\u00e9riodes\u00a0d\u00e9termin\u00e9es, selon la situation \u00e9pid\u00e9miologique de la wilaya et\/ou de la\u00a0commune concern\u00e9e. Durant ces p\u00e9riodes, le citoyen ne peut quitter son\u00a0domicile ou son lieu de r\u00e9sidence au moment o\u00f9 il est assujetti aux horaires d\u00e9cid\u00e9s par les pouvoirs publics en cas de confinement partiel. La\u00a0circulation de et vers la wilaya ou la commune concern\u00e9e ainsi qu&rsquo;\u00e0\u00a0l&rsquo;int\u00e9rieur de ces p\u00e9rim\u00e8tres est \u00e9galement interdite.\u00a0<br \/>Au chapitre des exceptions, le texte autorise les d\u00e9placements des\u00a0personnes pour les besoins d&rsquo;approvisionnement des commerces autoris\u00e9s ou\u00a0d&rsquo;approvisionnement \u00e0 proximit\u00e9 du domicile, pour les n\u00e9cessit\u00e9s\u00a0imp\u00e9rieuses de soins ou pour l&rsquo;exercice d&rsquo;une activit\u00e9 professionnelle\u00a0autoris\u00e9e.\u00a0\u00a0<br \/>Les modalit\u00e9s de d\u00e9livrance de l&rsquo;autorisation sont d\u00e9finies par la\u00a0Commission de wilaya institu\u00e9e \u00e0 l&rsquo;effet de coordonner l&rsquo;action sectorielle\u00a0de pr\u00e9vention et de lutte contre la pand\u00e9mie. Pr\u00e9sid\u00e9e par le wali, cette\u00a0commission est compos\u00e9e des repr\u00e9sentants des services de s\u00e9curit\u00e9, du\u00a0procureur g\u00e9n\u00e9ral, du Pr\u00e9sident de l&rsquo;APW ainsi que du P\/APC du chef lieu de\u00a0wilaya. Elle b\u00e9n\u00e9ficie de l&rsquo;appui des services territorialement comp\u00e9tents\u00a0\u00a0<br \/>de la gendarmerie et de la s\u00fbret\u00e9 nationale.\u00a0<br \/>Les mesures de confinement total ou partiel appliqu\u00e9es aux wilayas de\u00a0Blida et d&rsquo;Alger peuvent \u00eatre \u00e9tendues \u00e0 d&rsquo;autres wilayas le cas \u00e9ch\u00e9ant.\u00a0\u00a0<br \/>Durant la p\u00e9riode de confinement, tout rassemblement de plus de deux\u00a0personnes est interdit, est-il pr\u00e9cis\u00e9.\u00a0<br \/>Les mesures de fermeture pr\u00e9vues par le d\u00e9cret ex\u00e9cutif du 21 mars 2020\u00a0sont \u00e9tendues \u00e0 l&rsquo;ensemble du territoire national. Elles concernent tous\u00a0les commerces de d\u00e9tail, \u00e0 l&rsquo;exception de ceux assurant l&rsquo;approvisionnement\u00a0de la population en produits alimentaires de toute nature, d&rsquo;entretien et\u00a0d&rsquo;hygi\u00e8ne ou pharmaceutiques et parapharmaceutiques. Les marchands\u00a0ambulants de produits alimentaires peuvent poursuivre leurs activit\u00e9s en\u00a0\u00a0<br \/>rotation par quartier, tout en respectant les mesures de distanciation\u00a0\u00a0pr\u00e9vues.\u00a0<br \/>Les services publics de base, notamment en mati\u00e8re d&rsquo;hygi\u00e8ne publique,\u00a0\u00a0d&rsquo;alimentation en eau, en \u00e9lectricit\u00e9 et gaz et en t\u00e9l\u00e9communications, les\u00a0\u00a0agences postales, bancaires et d&rsquo;assurance sont tenus de maintenir leurs\u00a0\u00a0activit\u00e9s. Cette obligation concerne \u00e9galement les \u00e9tablissements de sant\u00e9\u00a0\u00a0priv\u00e9s, y compris les cabinets m\u00e9dicaux, les laboratoires d&rsquo;analyse et\u00a0\u00a0centres d&rsquo;imagerie, les activit\u00e9s li\u00e9es aux produits pharmaceutiques et aux\u00a0\u00a0<br \/>dispositifs m\u00e9dicaux, les \u00e9tablissements de distribution de carburant et produits d&rsquo;\u00e9nergie ainsi que les activit\u00e9s rev\u00eatant un caract\u00e8re vital \u00e0\u00a0\u00a0l&rsquo;exemple des march\u00e9s de gros.\u00a0<br \/>Est consid\u00e9r\u00e9 comme mesure de pr\u00e9vention obligatoire le respect d&rsquo;une\u00a0\u00a0distance de s\u00e9curit\u00e9 d&rsquo;au moins un (01) m\u00e8tre entre deux personnes. Toute\u00a0structure recevant le public est tenue de prendre et de faire respecter cette mesure, y compris en faisant appel \u00e0 la force publique.\u00a0<br \/>La mesure relative \u00e0 la suspension des moyens de transport de personnes\u00a0\u00a0est \u00e9tendue aux taxis individuels.\u00a0<br \/>La mesure relative \u00e0 la mise en cong\u00e9 d\u00c6au moins 50% des personnels des\u00a0institutions et administrations publiques est \u00e9tendue au secteur \u00e9conomique\u00a0public et priv\u00e9.\u00a0<br \/>Les modalit\u00e9s de compensation des \u00e9ventuels pr\u00e9judices occasionn\u00e9s par les\u00a0\u00a0mesures de pr\u00e9vention feront l&rsquo;objet d&rsquo;un texte particulier.\u00a0<br \/>Les contrevenants aux dispositions du d\u00e9cret s&rsquo;exposent aux sanctions\u00a0administratives de retrait imm\u00e9diat et d\u00e9finitif des titres l\u00e9gaux\u00a0\u00a0d&rsquo;exercice de l&rsquo;activit\u00e9. Les personnes enfreignant les mesures de\u00a0confinement, les r\u00e8gles de distanciation et de pr\u00e9vention et les\u00a0\u00a0<br \/>dispositions de ce d\u00e9cret sont passibles des peines pr\u00e9vues par le code\u00a0\u00a0p\u00e9nal, notamment son article 459.\u00a0<br \/>Enfin, et dans le cadre de la mobilisation g\u00e9n\u00e9rale, seule \u00e0 m\u00eame de\u00a0\u00a0permettre de faire face efficacement \u00e0 la propagation de l&rsquo;\u00e9pid\u00e9mie, les\u00a0\u00a0autorit\u00e9s concern\u00e9es, au niveau central et local, sont appel\u00e9es \u00e0 recenser\u00a0\u00a0l&rsquo;ensemble des ressources humaines et mat\u00e9rielles, publiques et priv\u00e9es,\u00a0\u00a0pouvant \u00eatre affect\u00e9es \u00e0 la prise en charge urgente des besoins exprim\u00e9s.\u00a0\u00a0<br \/>A cet effet, les \u00e9tablissements sanitaires publics sont tenus d&rsquo;ouvrir des\u00a0\u00a0listes au profit de volontaires ou de b\u00e9n\u00e9voles qui voudraient s&rsquo;inscrire,\u00a0\u00a0y compris les m\u00e9decins priv\u00e9s et tout personnel m\u00e9dical et param\u00e9dical. Les\u00a0\u00a0actions de volontariat destin\u00e9es \u00e0 appuyer les efforts des pouvoirs publics\u00a0\u00a0sont organis\u00e9es et encadr\u00e9es par les commissions de wilayas\u00a0\u00a0<br \/>institu\u00e9es.<\/p>\n<p class=\"c7\"><strong>APS<\/strong><\/p>\n<\/div>\n<div id=\"text_core\" readability=\"87\">\n<p class=\"c6\">Le Premier ministre, Abdelaziz Djerad, a pris\u00a0un nouveau d\u00e9cret fixant des mesures compl\u00e9mentaires de pr\u00e9vention et de\u00a0lutte contre la propagation du Coronavirus (COVID-19) sur le territoire national, indique mercredi un communiqu\u00e9 des services du Premier ministre.\u00a0<br \/>\u00ab\u00a0En application des directives de Monsieur le Pr\u00e9sident de la R\u00e9publique,\u00a0le Premier ministre, Monsieur Abdelaziz Djerad, a pris, ce mardi 24 mars,\u00a0un nouveau d\u00e9cret fixant des mesures compl\u00e9mentaires de pr\u00e9vention et de lutte contre la propagation du Coronavirus (COVID-19) sur le territoire national\u00a0\u00bb, note la m\u00eame source.\u00a0<br \/>Le nouveau texte, qui comporte 20 articles, \u00ab\u00a0s&rsquo;attache \u00e0 d\u00e9finir les\u00a0mesures destin\u00e9es \u00e0 la mise en place de dispositifs de confinement, de\u00a0restriction de la circulation et d&rsquo;encadrement des activit\u00e9s de commerce et\u00a0 d&rsquo;approvisionnement des citoyens\u00a0\u00bb.\u00a0\u00a0<br \/>Dans le m\u00eame temps, \u00ab\u00a0il vise \u00e0 \u00e9tablir les r\u00e8gles de distanciation ainsi\u00a0que les modalit\u00e9s de mobilisation citoyenne dans l&rsquo;effort national de lutte\u00a0contre la propagation de la pand\u00e9mie\u00a0\u00bb. A ce titre, \u00ab\u00a0il est instaur\u00e9, dans toute wilaya et\/ou commune d\u00e9clar\u00e9e comme foyer de l&rsquo;\u00e9pid\u00e9mie du\u00a0Coronavirus par l&rsquo;autorit\u00e9 sanitaire nationale, un dispositif de confinement \u00e0 domicile auquel sera soumise toute personne se trouvant sur\u00a0le territoire de la collectivit\u00e9 concern\u00e9e\u00a0\u00bb.\u00a0<br \/>Voici, par ailleurs, les principales d\u00e9cisions contenues dans ce d\u00e9cret\u00a0ex\u00e9cutif :\u00a0<br \/>Le confinement \u00e0 domicile peut \u00eatre total ou partiel, et pour des p\u00e9riodes\u00a0d\u00e9termin\u00e9es, selon la situation \u00e9pid\u00e9miologique de la wilaya et\/ou de la\u00a0commune concern\u00e9e. Durant ces p\u00e9riodes, le citoyen ne peut quitter son\u00a0domicile ou son lieu de r\u00e9sidence au moment o\u00f9 il est assujetti aux horaires d\u00e9cid\u00e9s par les pouvoirs publics en cas de confinement partiel. La\u00a0circulation de et vers la wilaya ou la commune concern\u00e9e ainsi qu&rsquo;\u00e0\u00a0l&rsquo;int\u00e9rieur de ces p\u00e9rim\u00e8tres est \u00e9galement interdite.\u00a0<br \/>Au chapitre des exceptions, le texte autorise les d\u00e9placements des\u00a0personnes pour les besoins d&rsquo;approvisionnement des commerces autoris\u00e9s ou\u00a0d&rsquo;approvisionnement \u00e0 proximit\u00e9 du domicile, pour les n\u00e9cessit\u00e9s\u00a0imp\u00e9rieuses de soins ou pour l&rsquo;exercice d&rsquo;une activit\u00e9 professionnelle\u00a0autoris\u00e9e.\u00a0\u00a0<br \/>Les modalit\u00e9s de d\u00e9livrance de l&rsquo;autorisation sont d\u00e9finies par la\u00a0Commission de wilaya institu\u00e9e \u00e0 l&rsquo;effet de coordonner l&rsquo;action sectorielle\u00a0de pr\u00e9vention et de lutte contre la pand\u00e9mie. Pr\u00e9sid\u00e9e par le wali, cette\u00a0commission est compos\u00e9e des repr\u00e9sentants des services de s\u00e9curit\u00e9, du\u00a0procureur g\u00e9n\u00e9ral, du Pr\u00e9sident de l&rsquo;APW ainsi que du P\/APC du chef lieu de\u00a0wilaya. Elle b\u00e9n\u00e9ficie de l&rsquo;appui des services territorialement comp\u00e9tents\u00a0\u00a0<br \/>de la gendarmerie et de la s\u00fbret\u00e9 nationale.\u00a0<br \/>Les mesures de confinement total ou partiel appliqu\u00e9es aux wilayas de\u00a0Blida et d&rsquo;Alger peuvent \u00eatre \u00e9tendues \u00e0 d&rsquo;autres wilayas le cas \u00e9ch\u00e9ant.\u00a0\u00a0<br \/>Durant la p\u00e9riode de confinement, tout rassemblement de plus de deux\u00a0personnes est interdit, est-il pr\u00e9cis\u00e9.\u00a0<br \/>Les mesures de fermeture pr\u00e9vues par le d\u00e9cret ex\u00e9cutif du 21 mars 2020\u00a0sont \u00e9tendues \u00e0 l&rsquo;ensemble du territoire national. Elles concernent tous\u00a0les commerces de d\u00e9tail, \u00e0 l&rsquo;exception de ceux assurant l&rsquo;approvisionnement\u00a0de la population en produits alimentaires de toute nature, d&rsquo;entretien et\u00a0d&rsquo;hygi\u00e8ne ou pharmaceutiques et parapharmaceutiques. Les marchands\u00a0ambulants de produits alimentaires peuvent poursuivre leurs activit\u00e9s en\u00a0\u00a0<br \/>rotation par quartier, tout en respectant les mesures de distanciation\u00a0\u00a0pr\u00e9vues.\u00a0<br \/>Les services publics de base, notamment en mati\u00e8re d&rsquo;hygi\u00e8ne publique,\u00a0\u00a0d&rsquo;alimentation en eau, en \u00e9lectricit\u00e9 et gaz et en t\u00e9l\u00e9communications, les\u00a0\u00a0agences postales, bancaires et d&rsquo;assurance sont tenus de maintenir leurs\u00a0\u00a0activit\u00e9s. Cette obligation concerne \u00e9galement les \u00e9tablissements de sant\u00e9\u00a0\u00a0priv\u00e9s, y compris les cabinets m\u00e9dicaux, les laboratoires d&rsquo;analyse et\u00a0\u00a0centres d&rsquo;imagerie, les activit\u00e9s li\u00e9es aux produits pharmaceutiques et aux\u00a0\u00a0<br \/>dispositifs m\u00e9dicaux, les \u00e9tablissements de distribution de carburant et produits d&rsquo;\u00e9nergie ainsi que les activit\u00e9s rev\u00eatant un caract\u00e8re vital \u00e0\u00a0\u00a0l&rsquo;exemple des march\u00e9s de gros.\u00a0<br \/>Est consid\u00e9r\u00e9 comme mesure de pr\u00e9vention obligatoire le respect d&rsquo;une\u00a0\u00a0distance de s\u00e9curit\u00e9 d&rsquo;au moins un (01) m\u00e8tre entre deux personnes. Toute\u00a0structure recevant le public est tenue de prendre et de faire respecter cette mesure, y compris en faisant appel \u00e0 la force publique.\u00a0<br \/>La mesure relative \u00e0 la suspension des moyens de transport de personnes\u00a0\u00a0est \u00e9tendue aux taxis individuels.\u00a0<br \/>La mesure relative \u00e0 la mise en cong\u00e9 d\u00c6au moins 50% des personnels des\u00a0institutions et administrations publiques est \u00e9tendue au secteur \u00e9conomique\u00a0public et priv\u00e9.\u00a0<br \/>Les modalit\u00e9s de compensation des \u00e9ventuels pr\u00e9judices occasionn\u00e9s par les\u00a0\u00a0mesures de pr\u00e9vention feront l&rsquo;objet d&rsquo;un texte particulier.\u00a0<br \/>Les contrevenants aux dispositions du d\u00e9cret s&rsquo;exposent aux sanctions\u00a0administratives de retrait imm\u00e9diat et d\u00e9finitif des titres l\u00e9gaux\u00a0\u00a0d&rsquo;exercice de l&rsquo;activit\u00e9. Les personnes enfreignant les mesures de\u00a0confinement, les r\u00e8gles de distanciation et de pr\u00e9vention et les\u00a0\u00a0<br \/>dispositions de ce d\u00e9cret sont passibles des peines pr\u00e9vues par le code\u00a0\u00a0p\u00e9nal, notamment son article 459.\u00a0<br \/>Enfin, et dans le cadre de la mobilisation g\u00e9n\u00e9rale, seule \u00e0 m\u00eame de\u00a0\u00a0permettre de faire face efficacement \u00e0 la propagation de l&rsquo;\u00e9pid\u00e9mie, les\u00a0\u00a0autorit\u00e9s concern\u00e9es, au niveau central et local, sont appel\u00e9es \u00e0 recenser\u00a0\u00a0l&rsquo;ensemble des ressources humaines et mat\u00e9rielles, publiques et priv\u00e9es,\u00a0\u00a0pouvant \u00eatre affect\u00e9es \u00e0 la prise en charge urgente des besoins exprim\u00e9s.\u00a0\u00a0<br \/>A cet effet, les \u00e9tablissements sanitaires publics sont tenus d&rsquo;ouvrir des\u00a0\u00a0listes au profit de volontaires ou de b\u00e9n\u00e9voles qui voudraient s&rsquo;inscrire,\u00a0\u00a0y compris les m\u00e9decins priv\u00e9s et tout personnel m\u00e9dical et param\u00e9dical. Les\u00a0\u00a0actions de volontariat destin\u00e9es \u00e0 appuyer les efforts des pouvoirs publics\u00a0\u00a0sont organis\u00e9es et encadr\u00e9es par les commissions de wilayas\u00a0\u00a0<br \/>institu\u00e9es.<\/p>\n<p class=\"c7\"><strong>APS<\/strong><\/p>\n<\/div>\n<p>Auteur:<br \/>\n<a href=\"https:\/\/www.liberte-algerie.com\/international\/covid-19-djerrad-annonce-des-mesures-complementaires-336639\">Cliquez ici pour lire l&rsquo;article depuis sa source.<\/a><\/p>\n","protected":false},"excerpt":{"rendered":"<p>Le Premier ministre, Abdelaziz Djerad, a pris\u00a0un nouveau d\u00e9cret fixant des mesures compl\u00e9mentaires de pr\u00e9vention et de\u00a0lutte contre la propagation du Coronavirus (COVID-19) sur le territoire national, indique mercredi un communiqu\u00e9 des services du Premier ministre.\u00a0\u00ab\u00a0En application des directives de Monsieur le Pr\u00e9sident de la R\u00e9publique,\u00a0le Premier ministre, Monsieur Abdelaziz Djerad, a pris, ce mardi [&hellip;]<\/p>\n","protected":false},"author":1742,"featured_media":0,"comment_status":"closed","ping_status":"closed","sticky":false,"template":"","format":"standard","meta":{"fifu_image_url":"","fifu_image_alt":"","footnotes":""},"categories":[73,53],"tags":[],"class_list":["post-80133","post","type-post","status-publish","format-standard","hentry","category-actualite","category-algerie"],"_links":{"self":[{"href":"https:\/\/linitiative.ca\/International\/wp-json\/wp\/v2\/posts\/80133","targetHints":{"allow":["GET"]}}],"collection":[{"href":"https:\/\/linitiative.ca\/International\/wp-json\/wp\/v2\/posts"}],"about":[{"href":"https:\/\/linitiative.ca\/International\/wp-json\/wp\/v2\/types\/post"}],"author":[{"embeddable":true,"href":"https:\/\/linitiative.ca\/International\/wp-json\/wp\/v2\/users\/1742"}],"replies":[{"embeddable":true,"href":"https:\/\/linitiative.ca\/International\/wp-json\/wp\/v2\/comments?post=80133"}],"version-history":[{"count":0,"href":"https:\/\/linitiative.ca\/International\/wp-json\/wp\/v2\/posts\/80133\/revisions"}],"wp:attachment":[{"href":"https:\/\/linitiative.ca\/International\/wp-json\/wp\/v2\/media?parent=80133"}],"wp:term":[{"taxonomy":"category","embeddable":true,"href":"https:\/\/linitiative.ca\/International\/wp-json\/wp\/v2\/categories?post=80133"},{"taxonomy":"post_tag","embeddable":true,"href":"https:\/\/linitiative.ca\/International\/wp-json\/wp\/v2\/tags?post=80133"}],"curies":[{"name":"wp","href":"https:\/\/api.w.org\/{rel}","templated":true}]}}