{"id":80135,"date":"2020-03-25T12:12:00","date_gmt":"2020-03-25T16:12:00","guid":{"rendered":"https:\/\/linitiative.ca\/International\/38-nouveaux-cas-confirmes-dont-deux-deces-en-algerie\/"},"modified":"2020-03-25T12:12:00","modified_gmt":"2020-03-25T16:12:00","slug":"38-nouveaux-cas-confirmes-dont-deux-deces-en-algerie","status":"publish","type":"post","link":"https:\/\/linitiative.ca\/International\/38-nouveaux-cas-confirmes-dont-deux-deces-en-algerie\/","title":{"rendered":"38 nouveaux cas confirm\u00e9s dont deux d\u00e9c\u00e8s en Alg\u00e9rie"},"content":{"rendered":"<div id=\"originalText\" readability=\"47\">\n<p>Trente huit nouveaux cas du coronavirus (Covid-19), dont deux d\u00e9c\u00e8s, ont \u00e9t\u00e9 enregistr\u00e9s, mercredi en Alg\u00e9rie, portant le nombre de cas confirm\u00e9s \u00e0 302, a r\u00e9v\u00e9l\u00e9 le porte-parole du Comit\u00e9 scientifique de suivi de l&rsquo;\u00e9volution de la pand\u00e9mie du Coronavirus, Djamel Fourar.<\/p>\n<p>Les deux cas de d\u00e9c\u00e8s concernent un homme de Tipasa \u00e2g\u00e9 de 42 ans, qui travaille dans la wilaya de Blida, et celui d&rsquo;une femme de Constantine \u00e2g\u00e9e de 58 ans, de retour de France le 14 mars dernier.\u00a0<\/p>\n<p class=\"c6\"><strong>APS<\/strong><\/p>\n<\/div>\n<div id=\"text_core\" readability=\"47\">\n<p>Trente huit nouveaux cas du coronavirus (Covid-19), dont deux d\u00e9c\u00e8s, ont \u00e9t\u00e9 enregistr\u00e9s, mercredi en Alg\u00e9rie, portant le nombre de cas confirm\u00e9s \u00e0 302, a r\u00e9v\u00e9l\u00e9 le porte-parole du Comit\u00e9 scientifique de suivi de l&rsquo;\u00e9volution de la pand\u00e9mie du Coronavirus, Djamel Fourar.<\/p>\n<p>Les deux cas de d\u00e9c\u00e8s concernent un homme de Tipasa \u00e2g\u00e9 de 42 ans, qui travaille dans la wilaya de Blida, et celui d&rsquo;une femme de Constantine \u00e2g\u00e9e de 58 ans, de retour de France le 14 mars dernier.\u00a0<\/p>\n<p class=\"c6\"><strong>APS<\/strong><\/p>\n<\/div>\n<p>Auteur:<br \/>\n<a href=\"https:\/\/www.liberte-algerie.com\/actualite\/38-nouveaux-cas-confirmes-dont-deux-deces-en-algerie-336637\">Cliquez ici pour lire l&rsquo;article depuis sa source.<\/a><\/p>\n","protected":false},"excerpt":{"rendered":"<p>Trente huit nouveaux cas du coronavirus (Covid-19), dont deux d\u00e9c\u00e8s, ont \u00e9t\u00e9 enregistr\u00e9s, mercredi en Alg\u00e9rie, portant le nombre de cas confirm\u00e9s \u00e0 302, a r\u00e9v\u00e9l\u00e9 le porte-parole du Comit\u00e9 scientifique de suivi de l&rsquo;\u00e9volution de la pand\u00e9mie du Coronavirus, Djamel Fourar. Les deux cas de d\u00e9c\u00e8s concernent un homme de Tipasa \u00e2g\u00e9 de 42 [&hellip;]<\/p>\n","protected":false},"author":1742,"featured_media":0,"comment_status":"closed","ping_status":"closed","sticky":false,"template":"","format":"standard","meta":{"fifu_image_url":"","fifu_image_alt":"","footnotes":""},"categories":[73,53],"tags":[],"class_list":["post-80135","post","type-post","status-publish","format-standard","hentry","category-actualite","category-algerie"],"_links":{"self":[{"href":"https:\/\/linitiative.ca\/International\/wp-json\/wp\/v2\/posts\/80135","targetHints":{"allow":["GET"]}}],"collection":[{"href":"https:\/\/linitiative.ca\/International\/wp-json\/wp\/v2\/posts"}],"about":[{"href":"https:\/\/linitiative.ca\/International\/wp-json\/wp\/v2\/types\/post"}],"author":[{"embeddable":true,"href":"https:\/\/linitiative.ca\/International\/wp-json\/wp\/v2\/users\/1742"}],"replies":[{"embeddable":true,"href":"https:\/\/linitiative.ca\/International\/wp-json\/wp\/v2\/comments?post=80135"}],"version-history":[{"count":0,"href":"https:\/\/linitiative.ca\/International\/wp-json\/wp\/v2\/posts\/80135\/revisions"}],"wp:attachment":[{"href":"https:\/\/linitiative.ca\/International\/wp-json\/wp\/v2\/media?parent=80135"}],"wp:term":[{"taxonomy":"category","embeddable":true,"href":"https:\/\/linitiative.ca\/International\/wp-json\/wp\/v2\/categories?post=80135"},{"taxonomy":"post_tag","embeddable":true,"href":"https:\/\/linitiative.ca\/International\/wp-json\/wp\/v2\/tags?post=80135"}],"curies":[{"name":"wp","href":"https:\/\/api.w.org\/{rel}","templated":true}]}}