{"id":80138,"date":"2020-03-25T09:28:10","date_gmt":"2020-03-25T13:28:10","guid":{"rendered":"https:\/\/linitiative.ca\/International\/de-nouvelles-mesures-preventives-pour-enrayer-le-covid-19\/"},"modified":"2020-03-25T09:28:10","modified_gmt":"2020-03-25T13:28:10","slug":"de-nouvelles-mesures-preventives-pour-enrayer-le-covid-19","status":"publish","type":"post","link":"https:\/\/linitiative.ca\/International\/de-nouvelles-mesures-preventives-pour-enrayer-le-covid-19\/","title":{"rendered":"De nouvelles mesures pr\u00e9ventives pour enrayer le Covid-19"},"content":{"rendered":"<div class=\"single-featured\"><img alt=\"\" data-src=\"http:\/\/www.mapmarrakech.ma\/map\/uploads\/2020\/03\/conseil-communal-Essaouira-copier-1.jpg\"\/><\/div>\n<div class=\"single-post-excerpt post-excerpt-bc\" readability=\"35\">\n<p>Essaouira \u2013 Le Conseil communal d\u2019Essaouira a d\u00e9cid\u00e9, mardi, d\u2019instaurer de nouvelles mesures pr\u00e9ventives pour enrayer la propagation de la pand\u00e9mie du nouveau coronavirus (Covid-19).<\/p>\n<\/div>\n<div class=\"entry-content clearfix single-post-content\" readability=\"69\">\n<p>Ces mesures, qui s\u2019inscrivent dans le cadre de la mobilisation g\u00e9n\u00e9rale et globale \u00e0 l\u2019\u00e9chelle nationale \u00e0 laquelle ont adh\u00e9r\u00e9 notamment les institutions de l\u2019Etat, interviennent dans le sillage des directives \u00e9mises par les autorit\u00e9s comp\u00e9tentes et de l\u2019approche proactive pour faire face au Covid-19 et contenir sa propagation en vue de veiller \u00e0 la protection de la sant\u00e9 et de la s\u00e9curit\u00e9 des citoyennes et des citoyens.<\/p>\n<p>Ainsi, le pr\u00e9sident du Conseil communal a d\u00e9cid\u00e9 l\u2019arr\u00eat de la circulation des cal\u00e8ches sur l\u2019ensemble du territoire de la commune d\u2019Essaouira.<\/p>\n<p>Cette d\u00e9cision, prise conform\u00e9ment aux lois en vigueur, est temporaire et exceptionnelle et peut \u00eatre annul\u00e9e en l\u2019absence des conditions de sa mise en application.<\/p>\n<p>L\u2019ex\u00e9cution de cette d\u00e9cision a \u00e9t\u00e9 confi\u00e9e aux autorit\u00e9s locales, aux services de la S\u00fbret\u00e9 Nationale, de la police administrative et de la commune d\u2019Essaouira, chacun en fonction de ses pr\u00e9rogatives.<\/p>\n<p>Par ailleurs, il a \u00e9t\u00e9 d\u00e9cid\u00e9 de consacrer un minibus de la Commune pour assurer le transport (aller-retour) des patients atteints d\u2019insuffisance r\u00e9nale de leurs domiciles vers le si\u00e8ge de l\u2019association Sidi Magdoul pour l\u2019aide aux malades d\u2019insuffisance r\u00e9nale afin d\u2019effectuer leurs s\u00e9ances de dialyse tout au long de la semaine, selon le programme arr\u00eat\u00e9 par ladite association.<\/p>\n<p>Cette d\u00e9cision s\u2019inscrit dans le cadre de l\u2019adh\u00e9sion de la Commune d\u2019Essaouira au plan national mis en place pour circonscrire les effets de la pand\u00e9mie du Covid-19, et intervient conform\u00e9ment aux attributions qui lui sont d\u00e9volues.<\/p>\n<p>Elle survient aussi dans le sillage des mesures de pr\u00e9caution et de pr\u00e9vention visant \u00e0 circonscrire les effets du Covid-19 et en interaction avec les recommandations et directives des autorit\u00e9s comp\u00e9tentes ayant pour but de lutter contre cette pand\u00e9mie.<\/p>\n<\/div>\n<p>Auteur: Meriem IGASS<br \/>\n<a href=\"http:\/\/www.mapmarrakech.ma\/fr\/de-nouvelles-mesures-preventives-pour-enrayer-le-covid-19\/\">Cliquez ici pour lire l&rsquo;article depuis sa source.<\/a><\/p>\n","protected":false},"excerpt":{"rendered":"<p>Essaouira \u2013 Le Conseil communal d\u2019Essaouira a d\u00e9cid\u00e9, mardi, d\u2019instaurer de nouvelles mesures pr\u00e9ventives pour enrayer la propagation de la pand\u00e9mie du nouveau coronavirus (Covid-19). Ces mesures, qui s\u2019inscrivent dans le cadre de la mobilisation g\u00e9n\u00e9rale et globale \u00e0 l\u2019\u00e9chelle nationale \u00e0 laquelle ont adh\u00e9r\u00e9 notamment les institutions de l\u2019Etat, interviennent dans le sillage des [&hellip;]<\/p>\n","protected":false},"author":1788,"featured_media":80139,"comment_status":"closed","ping_status":"closed","sticky":false,"template":"","format":"standard","meta":{"fifu_image_url":"","fifu_image_alt":"","footnotes":""},"categories":[54,76],"tags":[],"class_list":["post-80138","post","type-post","status-publish","format-standard","has-post-thumbnail","hentry","category-maroc","category-regions"],"_links":{"self":[{"href":"https:\/\/linitiative.ca\/International\/wp-json\/wp\/v2\/posts\/80138","targetHints":{"allow":["GET"]}}],"collection":[{"href":"https:\/\/linitiative.ca\/International\/wp-json\/wp\/v2\/posts"}],"about":[{"href":"https:\/\/linitiative.ca\/International\/wp-json\/wp\/v2\/types\/post"}],"author":[{"embeddable":true,"href":"https:\/\/linitiative.ca\/International\/wp-json\/wp\/v2\/users\/1788"}],"replies":[{"embeddable":true,"href":"https:\/\/linitiative.ca\/International\/wp-json\/wp\/v2\/comments?post=80138"}],"version-history":[{"count":0,"href":"https:\/\/linitiative.ca\/International\/wp-json\/wp\/v2\/posts\/80138\/revisions"}],"wp:featuredmedia":[{"embeddable":true,"href":"https:\/\/linitiative.ca\/International\/wp-json\/"}],"wp:attachment":[{"href":"https:\/\/linitiative.ca\/International\/wp-json\/wp\/v2\/media?parent=80138"}],"wp:term":[{"taxonomy":"category","embeddable":true,"href":"https:\/\/linitiative.ca\/International\/wp-json\/wp\/v2\/categories?post=80138"},{"taxonomy":"post_tag","embeddable":true,"href":"https:\/\/linitiative.ca\/International\/wp-json\/wp\/v2\/tags?post=80138"}],"curies":[{"name":"wp","href":"https:\/\/api.w.org\/{rel}","templated":true}]}}