{"id":80140,"date":"2020-03-25T12:13:05","date_gmt":"2020-03-25T16:13:05","guid":{"rendered":"https:\/\/linitiative.ca\/International\/un-staff-militaire-renforce-les-equipes-de-lhopital-mohammed-v\/"},"modified":"2020-03-25T12:13:05","modified_gmt":"2020-03-25T16:13:05","slug":"un-staff-militaire-renforce-les-equipes-de-lhopital-mohammed-v","status":"publish","type":"post","link":"https:\/\/linitiative.ca\/International\/un-staff-militaire-renforce-les-equipes-de-lhopital-mohammed-v\/","title":{"rendered":"Un staff militaire renforce les \u00e9quipes de l\u2019h\u00f4pital Mohammed V"},"content":{"rendered":"<div readability=\"35\">\n<p>Safi \u2013 Un staff m\u00e9dical militaire s\u2019est joint aux \u00e9quipes de l\u2019h\u00f4pital Mohammed V \u00e0 Safi, afin de contribuer \u00e0 la mission de lutte contre la propagation de la pand\u00e9mie du nouveau coronavirus (Covid-19).<\/p>\n<\/div>\n<div readability=\"75\">\n<p>Ainsi, une d\u00e9l\u00e9gation conduite par le gouverneur de la province, Lahoucine Chaynane, ainsi que l\u2019\u00e9quipe m\u00e9dicale militaire ont visit\u00e9 les diff\u00e9rents services de l\u2019h\u00f4pital et suivi des explications exhaustives pr\u00e9sent\u00e9es, \u00e0 cette occasion, par des responsables de cette structure sanitaire.<\/p>\n<p>Le gouverneur et la d\u00e9l\u00e9gation l\u2019accompagnant ainsi que le staff m\u00e9dical militaire se sont \u00e9galement inform\u00e9s des \u00e9quipements m\u00e9dicaux et techniques dont dispose l\u2019h\u00f4pital, ainsi que des unit\u00e9s am\u00e9nag\u00e9es pour accueillir d\u2019\u00e9ventuels cas de contamination au Covid-19, allant du service d\u2019urgence \u00e0 celui de r\u00e9animation.<\/p>\n<p>Cette visite a \u00e9t\u00e9 aussi l\u2019occasion pour prendre connaissance des mesures et dispositions prises pour l\u2019am\u00e9nagement de cet \u00e9tablissement hospitalier afin d\u2019en faire un centre provincial pour l\u2019accueil des \u00e9ventuels cas atteints du nouveau coronavirus.<\/p>\n<p>A cette occasion, M. Chaynane a soulign\u00e9 que l\u2019h\u00f4pital Mohammed V de Safi r\u00e9unit toutes les conditions et dispose des \u00e9quipements m\u00e9dicaux n\u00e9cessaires pour assurer la prise en charge d\u2019\u00e9ventuels cas de contamination, affirmant que les personnels m\u00e9dical, infirmier et technique demeurent fortement mobilis\u00e9s en cette conjoncture exceptionnelle.<\/p>\n<p>Il a \u00e9galement insist\u00e9 sur l\u2019importance de la collaboration et de la conjugaison des efforts entre la m\u00e9decine civile et son homologue militaire pour mener \u00e0 bien cette mission de lutte contre la pand\u00e9mie du Covid-19 et, partant, garantir la s\u00e9curit\u00e9 sanitaire et la protection des citoyennes et citoyens, conform\u00e9ment aux Hautes Instructions Royales.<\/p>\n<p>Sa Majest\u00e9 le Roi Mohammed VI, Chef Supr\u00eame et Chef d\u2019Etat-Major G\u00e9n\u00e9ral des Forces Arm\u00e9es Royales (FAR), a donn\u00e9 Ses Hautes Instructions Royales afin que la m\u00e9decine militaire prenne part conjointement avec son homologue civile \u00e0 la d\u00e9licate mission de lutte contre la pand\u00e9mie de Covid19, rappelle-t-on.<\/p>\n<\/div>\n<p>Auteur: Meriem IGASS<br \/>\n<a href=\"http:\/\/www.mapmarrakech.ma\/fr\/un-staff-medical-militaire-renforce-les-equipes-de-lhopital-mohammed-v\/\">Cliquez ici pour lire l&rsquo;article depuis sa source.<\/a><\/p>\n","protected":false},"excerpt":{"rendered":"<p>Safi \u2013 Un staff m\u00e9dical militaire s\u2019est joint aux \u00e9quipes de l\u2019h\u00f4pital Mohammed V \u00e0 Safi, afin de contribuer \u00e0 la mission de lutte contre la propagation de la pand\u00e9mie du nouveau coronavirus (Covid-19). Ainsi, une d\u00e9l\u00e9gation conduite par le gouverneur de la province, Lahoucine Chaynane, ainsi que l\u2019\u00e9quipe m\u00e9dicale militaire ont visit\u00e9 les diff\u00e9rents [&hellip;]<\/p>\n","protected":false},"author":1788,"featured_media":0,"comment_status":"closed","ping_status":"closed","sticky":false,"template":"","format":"standard","meta":{"fifu_image_url":"","fifu_image_alt":"","footnotes":""},"categories":[54,76],"tags":[],"class_list":["post-80140","post","type-post","status-publish","format-standard","hentry","category-maroc","category-regions"],"_links":{"self":[{"href":"https:\/\/linitiative.ca\/International\/wp-json\/wp\/v2\/posts\/80140","targetHints":{"allow":["GET"]}}],"collection":[{"href":"https:\/\/linitiative.ca\/International\/wp-json\/wp\/v2\/posts"}],"about":[{"href":"https:\/\/linitiative.ca\/International\/wp-json\/wp\/v2\/types\/post"}],"author":[{"embeddable":true,"href":"https:\/\/linitiative.ca\/International\/wp-json\/wp\/v2\/users\/1788"}],"replies":[{"embeddable":true,"href":"https:\/\/linitiative.ca\/International\/wp-json\/wp\/v2\/comments?post=80140"}],"version-history":[{"count":0,"href":"https:\/\/linitiative.ca\/International\/wp-json\/wp\/v2\/posts\/80140\/revisions"}],"wp:attachment":[{"href":"https:\/\/linitiative.ca\/International\/wp-json\/wp\/v2\/media?parent=80140"}],"wp:term":[{"taxonomy":"category","embeddable":true,"href":"https:\/\/linitiative.ca\/International\/wp-json\/wp\/v2\/categories?post=80140"},{"taxonomy":"post_tag","embeddable":true,"href":"https:\/\/linitiative.ca\/International\/wp-json\/wp\/v2\/tags?post=80140"}],"curies":[{"name":"wp","href":"https:\/\/api.w.org\/{rel}","templated":true}]}}