{"id":80141,"date":"2020-03-25T12:20:01","date_gmt":"2020-03-25T16:20:01","guid":{"rendered":"https:\/\/linitiative.ca\/International\/reduction-de-la-duree-douverture-des-centres-commerciaux\/"},"modified":"2020-03-25T12:20:01","modified_gmt":"2020-03-25T16:20:01","slug":"reduction-de-la-duree-douverture-des-centres-commerciaux","status":"publish","type":"post","link":"https:\/\/linitiative.ca\/International\/reduction-de-la-duree-douverture-des-centres-commerciaux\/","title":{"rendered":"R\u00e9duction de la dur\u00e9e d\u2019ouverture des centres commerciaux"},"content":{"rendered":"<div class=\"single-featured\"><img alt=\"\" data-src=\"http:\/\/www.mapmarrakech.ma\/map\/uploads\/2020\/03\/fermeture-des-centres-de-commerce2-copier.jpg\"\/><\/div>\n<div class=\"single-post-excerpt post-excerpt-bc\" readability=\"36\">\n<p>Bengu\u00e9rir (Province de Rehamna) \u2013 Le Conseil communal de Bengu\u00e9rir a annonc\u00e9 sa d\u00e9cision de r\u00e9duire la dur\u00e9e d\u2019ouverture des magasins et centres commerciaux et ce, dans le cadre des mesures pr\u00e9ventives adopt\u00e9es par les autorit\u00e9s comp\u00e9tentes pour enrayer la propagation de la pand\u00e9mie du nouveau coronavirus (Covid- 19).<\/p>\n<\/div>\n<div class=\"entry-content clearfix single-post-content\" readability=\"57\">\n<p>Ainsi, les commerces seront autoris\u00e9s \u00e0 ouvrir \u00e0 partir de 08h00 et \u00e0 fermer \u00e0 18h00, selon une d\u00e9cision prise par le pr\u00e9sident de cette instance \u00e9lue, Abdela\u00e2ti Bouchrit.<\/p>\n<p>Le Conseil communal a, en outre, d\u00e9cid\u00e9 de la fermeture \u00e0 compter de mardi du souk hebdomadaire relevant de la commune urbaine de Bengu\u00e9rir, \u00e0 l\u2019exception de l\u2019abattoir.<\/p>\n<p>Cette d\u00e9cision, dont la mise en application est confi\u00e9e aux repr\u00e9sentants des autorit\u00e9s locales, la s\u00fbret\u00e9 nationale, la police administrative et les services communaux de Benguerir, restera en vigueur jusqu\u2019\u00e0 la lev\u00e9e de l\u2019\u00e9tat d\u2019urgence sanitaire d\u00e9cr\u00e9t\u00e9 par les autorit\u00e9s comp\u00e9tentes dans le but d\u2019enrayer la propagation de la pand\u00e9mie du coronavirus.<\/p>\n<p>Cette d\u00e9cision s\u2019inscrit dans le cadre de la mobilisation de l\u2019ensemble des institutions \u00e9tatiques, en adoptant une approche proactive pour lutter contre la propagation du Covid-19 et pr\u00e9server la sant\u00e9 et la s\u00e9curit\u00e9 publique des citoyens, rappelle-t-on.<\/p>\n<\/div>\n<p>Auteur: Meriem IGASS<br \/>\n<a href=\"http:\/\/www.mapmarrakech.ma\/fr\/reduction-de-la-duree-douverture-des-centres-commerciaux\/\">Cliquez ici pour lire l&rsquo;article depuis sa source.<\/a><\/p>\n","protected":false},"excerpt":{"rendered":"<p>Bengu\u00e9rir (Province de Rehamna) \u2013 Le Conseil communal de Bengu\u00e9rir a annonc\u00e9 sa d\u00e9cision de r\u00e9duire la dur\u00e9e d\u2019ouverture des magasins et centres commerciaux et ce, dans le cadre des mesures pr\u00e9ventives adopt\u00e9es par les autorit\u00e9s comp\u00e9tentes pour enrayer la propagation de la pand\u00e9mie du nouveau coronavirus (Covid- 19). Ainsi, les commerces seront autoris\u00e9s \u00e0 [&hellip;]<\/p>\n","protected":false},"author":1788,"featured_media":80142,"comment_status":"closed","ping_status":"closed","sticky":false,"template":"","format":"standard","meta":{"fifu_image_url":"","fifu_image_alt":"","footnotes":""},"categories":[54,76],"tags":[],"class_list":["post-80141","post","type-post","status-publish","format-standard","has-post-thumbnail","hentry","category-maroc","category-regions"],"_links":{"self":[{"href":"https:\/\/linitiative.ca\/International\/wp-json\/wp\/v2\/posts\/80141","targetHints":{"allow":["GET"]}}],"collection":[{"href":"https:\/\/linitiative.ca\/International\/wp-json\/wp\/v2\/posts"}],"about":[{"href":"https:\/\/linitiative.ca\/International\/wp-json\/wp\/v2\/types\/post"}],"author":[{"embeddable":true,"href":"https:\/\/linitiative.ca\/International\/wp-json\/wp\/v2\/users\/1788"}],"replies":[{"embeddable":true,"href":"https:\/\/linitiative.ca\/International\/wp-json\/wp\/v2\/comments?post=80141"}],"version-history":[{"count":0,"href":"https:\/\/linitiative.ca\/International\/wp-json\/wp\/v2\/posts\/80141\/revisions"}],"wp:featuredmedia":[{"embeddable":true,"href":"https:\/\/linitiative.ca\/International\/wp-json\/"}],"wp:attachment":[{"href":"https:\/\/linitiative.ca\/International\/wp-json\/wp\/v2\/media?parent=80141"}],"wp:term":[{"taxonomy":"category","embeddable":true,"href":"https:\/\/linitiative.ca\/International\/wp-json\/wp\/v2\/categories?post=80141"},{"taxonomy":"post_tag","embeddable":true,"href":"https:\/\/linitiative.ca\/International\/wp-json\/wp\/v2\/tags?post=80141"}],"curies":[{"name":"wp","href":"https:\/\/api.w.org\/{rel}","templated":true}]}}