{"id":80145,"date":"2020-03-25T12:32:24","date_gmt":"2020-03-25T16:32:24","guid":{"rendered":"https:\/\/linitiative.ca\/International\/de-nouveaux-horaires-pour-la-fermeture-des-commerces\/"},"modified":"2020-03-25T12:32:24","modified_gmt":"2020-03-25T16:32:24","slug":"de-nouveaux-horaires-pour-la-fermeture-des-commerces","status":"publish","type":"post","link":"https:\/\/linitiative.ca\/International\/de-nouveaux-horaires-pour-la-fermeture-des-commerces\/","title":{"rendered":"De nouveaux horaires pour la fermeture des commerces"},"content":{"rendered":"<div class=\"single-featured\"><img alt=\"\" data-src=\"http:\/\/www.mapmarrakech.ma\/map\/uploads\/2020\/03\/fermeture-centre-commerce-1-copier.jpg\"\/><\/div>\n<div class=\"single-post-excerpt post-excerpt-bc\" readability=\"35\">\n<p>Safi \u2013 Le Conseil communal de Safi a fix\u00e9 de nouveaux horaires pour l\u2019ouverture et la fermeture des magasins et centres commerciaux et ce, en application des mesures pr\u00e9ventives d\u00e9cr\u00e9t\u00e9es par les autorit\u00e9s comp\u00e9tentes pour enrayer la propagation du nouveau coronavirus (Covid-19).<\/p>\n<\/div>\n<div class=\"entry-content clearfix single-post-content\" readability=\"62\">\n<p>A cet effet, les commerces seront autoris\u00e9s \u00e0 ouvrir \u00e0 partir de 6h du matin et \u00e0 fermer \u00e0 18h, selon une d\u00e9cision du pr\u00e9sident du Conseil communal de Safi, Abdeljalil Labdaoui.<\/p>\n<p>Il s\u2019agit notamment des boulangeries et p\u00e2tisseries, des \u00e9piceries, des magasins d\u2019alimentation g\u00e9n\u00e9rale, des boucheries et magasins de vente de poulet, des poissonneries, des magasins de vente de l\u00e9gumes et fruits et de c\u00e9r\u00e9ales, des magasins de vente d\u2019engrais, de pesticides, d\u2019\u00e9quipements agricoles et de fourrages et des magasins de vente des d\u00e9tergents et produits de nettoyage.<\/p>\n<p>L\u2019ex\u00e9cution de cette d\u00e9cision exceptionnelle qui restera en vigueur jusqu\u2019\u00e0 la lev\u00e9e de l\u2019\u00e9tat d\u2019urgence sanitaire, a \u00e9t\u00e9 confi\u00e9e aux repr\u00e9sentants de l\u2019autorit\u00e9 locale et aux services de la S\u00fbret\u00e9 Nationale, de la police administrative communale et des collectivit\u00e9s de la province de Safi, chacun en fonction de ses pr\u00e9rogatives respectives.<\/p>\n<p>Cette d\u00e9cision s\u2019inscrit dans le cadre de la mobilisation totale de l\u2019ensemble des institutions \u00e9tatiques, en adoptant une approche proactive pour lutter contre la propagation du Covid-19 et pr\u00e9server la sant\u00e9 et la s\u00e9curit\u00e9 publiques des citoyens.<\/p>\n<\/div>\n<p>Auteur: Meriem IGASS<br \/>\n<a href=\"http:\/\/www.mapmarrakech.ma\/fr\/de-nouveaux-horaires-pour-la-fermeture-des-commerces\/\">Cliquez ici pour lire l&rsquo;article depuis sa source.<\/a><\/p>\n","protected":false},"excerpt":{"rendered":"<p>Safi \u2013 Le Conseil communal de Safi a fix\u00e9 de nouveaux horaires pour l\u2019ouverture et la fermeture des magasins et centres commerciaux et ce, en application des mesures pr\u00e9ventives d\u00e9cr\u00e9t\u00e9es par les autorit\u00e9s comp\u00e9tentes pour enrayer la propagation du nouveau coronavirus (Covid-19). A cet effet, les commerces seront autoris\u00e9s \u00e0 ouvrir \u00e0 partir de 6h [&hellip;]<\/p>\n","protected":false},"author":1788,"featured_media":80146,"comment_status":"closed","ping_status":"closed","sticky":false,"template":"","format":"standard","meta":{"fifu_image_url":"","fifu_image_alt":"","footnotes":""},"categories":[54,76],"tags":[],"class_list":["post-80145","post","type-post","status-publish","format-standard","has-post-thumbnail","hentry","category-maroc","category-regions"],"_links":{"self":[{"href":"https:\/\/linitiative.ca\/International\/wp-json\/wp\/v2\/posts\/80145","targetHints":{"allow":["GET"]}}],"collection":[{"href":"https:\/\/linitiative.ca\/International\/wp-json\/wp\/v2\/posts"}],"about":[{"href":"https:\/\/linitiative.ca\/International\/wp-json\/wp\/v2\/types\/post"}],"author":[{"embeddable":true,"href":"https:\/\/linitiative.ca\/International\/wp-json\/wp\/v2\/users\/1788"}],"replies":[{"embeddable":true,"href":"https:\/\/linitiative.ca\/International\/wp-json\/wp\/v2\/comments?post=80145"}],"version-history":[{"count":0,"href":"https:\/\/linitiative.ca\/International\/wp-json\/wp\/v2\/posts\/80145\/revisions"}],"wp:featuredmedia":[{"embeddable":true,"href":"https:\/\/linitiative.ca\/International\/wp-json\/"}],"wp:attachment":[{"href":"https:\/\/linitiative.ca\/International\/wp-json\/wp\/v2\/media?parent=80145"}],"wp:term":[{"taxonomy":"category","embeddable":true,"href":"https:\/\/linitiative.ca\/International\/wp-json\/wp\/v2\/categories?post=80145"},{"taxonomy":"post_tag","embeddable":true,"href":"https:\/\/linitiative.ca\/International\/wp-json\/wp\/v2\/tags?post=80145"}],"curies":[{"name":"wp","href":"https:\/\/api.w.org\/{rel}","templated":true}]}}