{"id":80148,"date":"2020-03-25T06:25:45","date_gmt":"2020-03-25T10:25:45","guid":{"rendered":"https:\/\/linitiative.ca\/International\/covid19-capacite-operationnelle-totale-des-agents-et-medecins-de-la-protection-civile\/"},"modified":"2020-03-25T06:25:45","modified_gmt":"2020-03-25T10:25:45","slug":"covid19-capacite-operationnelle-totale-des-agents-et-medecins-de-la-protection-civile","status":"publish","type":"post","link":"https:\/\/linitiative.ca\/International\/covid19-capacite-operationnelle-totale-des-agents-et-medecins-de-la-protection-civile\/","title":{"rendered":"Covid19: capacit\u00e9 op\u00e9rationnelle totale des agents et m\u00e9decins de la Protection civile"},"content":{"rendered":"<div readability=\"37\">\n<p><strong>ALGER &#8211; Le charg\u00e9 de la communication \u00e0 la direction de la Protection civile de la wilaya d&rsquo;Alger, le lieutenant Khaled Benkhalfallah a affirm\u00e9 mardi que les agents et m\u00e9decins relevant de ce corps \u00e9taient pleinement op\u00e9rationnels pour lutter contre la propagation du coronavirus, et ce \u00e0 la faveur des mesures prises et les moyens humains et mat\u00e9riels mobilis\u00e9s.<\/strong><\/p>\n<\/div>\n<div readability=\"98.9482481947\">\n<p>Tous les agents de la Protection civile, les m\u00e9decins et les fonctionnaires du secteur \u00e0 la wilaya d&rsquo;Alger sont mobilis\u00e9s pour faire face \u00e0 la propagation du coronavirus, et ce en application des instructions de la Direction g\u00e9n\u00e9rale de la Protection civile, a fait savoir le lieutenant Khaled Benkhalfallah dans une d\u00e9claration \u00e0 l&rsquo;APS, assurant que toutes les mesures ont \u00e9t\u00e9 prises et tous les moyens humains et mat\u00e9riels mis en place pour prendre en charge les cas suspects.<\/p>\n<blockquote readability=\"15\">\n<p><em><strong>Il a fait \u00e9tat, \u00e0 cet \u00e9gard, de l&rsquo;installation, au niveau de l&rsquo;unit\u00e9 principale d&rsquo;El Harrache, d&rsquo;une cellule de crise est form\u00e9e de m\u00e9decins et d&rsquo;officiers relevant de la Protection civile d&rsquo;Alger, pr\u00e9cisant que ce centre de coordination op\u00e9rationnelle est charg\u00e9 de suivre, 24\/24h, la situation et l&rsquo;\u00e9volution de la pand\u00e9mie \u00e0 travers le territoire de la wilaya d&rsquo;Alger.<\/strong><\/em><\/p>\n<\/blockquote>\n<p>Relevant que le centre re\u00e7oit des appels t\u00e9l\u00e9phoniques de citoyens se renseignant sur les sympt\u00f4mes du coronavirus et les moyens de pr\u00e9vention, il a indiqu\u00e9 que la majorit\u00e9 des appels re\u00e7us proviennent de citoyens pr\u00e9sentant des sympt\u00f4mes de rhume ou de maladies chroniques et ne concernent nullement une atteinte au coronavirus. Le citoyen est devenu plus conscient quant \u00e0 la gravit\u00e9 du virus, a-t-il dit.<\/p>\n<p>Toutes les unit\u00e9s de la wilaya d&rsquo;Alger ont \u00e9t\u00e9 dot\u00e9es d&rsquo;ambulances \u00e9quip\u00e9es et st\u00e9rilis\u00e9es, de v\u00eatement et de mat\u00e9riels m\u00e9dicaux (bavettes, gants et lunettes m\u00e9diales) devant garantir la s\u00e9curit\u00e9 des \u00e9l\u00e9ments de la Protection civile lors des op\u00e9rations d&rsquo;\u00e9vacuation des personnes suspect\u00e9es d&rsquo;\u00eatre atteintes du coronavirus, a indiqu\u00e9 le lieutenant Benkhalfallah.<\/p>\n<hr\/>\n<h3>Lire aussi:\u00a0<a href=\"http:\/\/www.aps.dz\/societe\/103327-la-protection-civile-renforce-la-campagne-de-sensibilisation-a-travers-le-territoire-national\" target=\"_blank\" rel=\"noopener noreferrer\">La Protection civile renforce la campagne de sensibilisation \u00e0 travers le territoire national<\/a><\/h3>\n<hr\/>\n<p>Les ambulances sont syst\u00e9matiquement st\u00e9rilis\u00e9es apr\u00e8s chaque intervention, m\u00eame pour les interventions concernant les accidents de la route, les incendies et autres.<\/p>\n<p>Aussi, un dispositif de s\u00e9curit\u00e9 a \u00e9t\u00e9 mis en place au niveau du Port d&rsquo;Alger et de l&rsquo;A\u00e9roport international, Houari Boumediene pour assurer la protection et l&rsquo;accompagnement des passagers venus de diff\u00e9rentes destinations vers les zones de confinement en collaboration avec les diff\u00e9rents services, entre autres, la sant\u00e9 et la S\u00fbret\u00e9 nationale, a ajout\u00e9 le lieutenant Benkhalfallah.<\/p>\n<p>Mettant en avant la disposition de toutes les unit\u00e9s de la protection civile de la wilaya d&rsquo;Alger pour parer \u00e0 toute urgence, le responsable a fait \u00e9tat de la mobilisation de 2.600 agents et 28 m\u00e9decins, en sus des \u00e9quipements et des ambulances m\u00e9dicalis\u00e9es.<\/p>\n<p>Les agents de la protection civile ont d\u00e9j\u00e0 re\u00e7u une formation en mati\u00e8re de pr\u00e9vention contre l&rsquo;\u00e9pid\u00e9mie et de traitement des cas suspects, a-t-il poursuivi.<\/p>\n<blockquote readability=\"12\">\n<p><em><strong>Outre l&rsquo;organisation des campagnes de sensibilisation au profit des citoyens aux pr\u00e9cautions \u00e0 prendre et les r\u00e8gles d&rsquo;hygi\u00e8ne \u00e0 respecter dans ces cas, les agents de la protection civile participent \u00e0 la st\u00e9rilisation des centres de g\u00e9riatrie, de l&rsquo;enfance assist\u00e9e et les places publiques en collaboration avec les service de la S\u00fbret\u00e9, les entreprises locales de nettoyage et d&rsquo;assainissement et les acteurs de la soci\u00e9t\u00e9 civile, a-t-il encore dit.<\/strong><\/em><\/p>\n<\/blockquote>\n<p>La direction de la protection civile d&rsquo;Alger avait d\u00e9j\u00e0 effectu\u00e9 des visites \u00e0 des centres et des espaces qui pourraient \u00eatre utilis\u00e9s pour le confinement, tel que le stade 5 juillet, Mohamed Boudiaf, a-t-il d\u00e9voil\u00e9, rappelant que onze (11) \u00e9tablissements h\u00f4teliers \u00e0 Alger ont \u00e9t\u00e9 consacr\u00e9s \u00e0 cet effet.<\/p>\n<p>M.Benkhalfallah a invit\u00e9 les citoyens \u00e0 observer les mesures de pr\u00e9vention et \u00e0 respecter les horaires de confinement partiel d\u00e9cr\u00e9t\u00e9 \u00e0 Alger de 19h00 \u00e0 07h00.<\/p>\n<\/div>\n<p>Auteur:<br \/>\n<a href=\"http:\/\/www.aps.dz\/regions\/103389-covid19-alger-capacite-operationnelle-totale-des-agents-et-medecins-de-la-protection-civile\">Cliquez ici pour lire l&rsquo;article depuis sa source.<\/a><\/p>\n","protected":false},"excerpt":{"rendered":"<p>ALGER &#8211; Le charg\u00e9 de la communication \u00e0 la direction de la Protection civile de la wilaya d&rsquo;Alger, le lieutenant Khaled Benkhalfallah a affirm\u00e9 mardi que les agents et m\u00e9decins relevant de ce corps \u00e9taient pleinement op\u00e9rationnels pour lutter contre la propagation du coronavirus, et ce \u00e0 la faveur des mesures prises et les moyens [&hellip;]<\/p>\n","protected":false},"author":1790,"featured_media":0,"comment_status":"closed","ping_status":"closed","sticky":false,"template":"","format":"standard","meta":{"fifu_image_url":"","fifu_image_alt":"","footnotes":""},"categories":[53,76],"tags":[],"class_list":["post-80148","post","type-post","status-publish","format-standard","hentry","category-algerie","category-regions"],"_links":{"self":[{"href":"https:\/\/linitiative.ca\/International\/wp-json\/wp\/v2\/posts\/80148","targetHints":{"allow":["GET"]}}],"collection":[{"href":"https:\/\/linitiative.ca\/International\/wp-json\/wp\/v2\/posts"}],"about":[{"href":"https:\/\/linitiative.ca\/International\/wp-json\/wp\/v2\/types\/post"}],"author":[{"embeddable":true,"href":"https:\/\/linitiative.ca\/International\/wp-json\/wp\/v2\/users\/1790"}],"replies":[{"embeddable":true,"href":"https:\/\/linitiative.ca\/International\/wp-json\/wp\/v2\/comments?post=80148"}],"version-history":[{"count":0,"href":"https:\/\/linitiative.ca\/International\/wp-json\/wp\/v2\/posts\/80148\/revisions"}],"wp:attachment":[{"href":"https:\/\/linitiative.ca\/International\/wp-json\/wp\/v2\/media?parent=80148"}],"wp:term":[{"taxonomy":"category","embeddable":true,"href":"https:\/\/linitiative.ca\/International\/wp-json\/wp\/v2\/categories?post=80148"},{"taxonomy":"post_tag","embeddable":true,"href":"https:\/\/linitiative.ca\/International\/wp-json\/wp\/v2\/tags?post=80148"}],"curies":[{"name":"wp","href":"https:\/\/api.w.org\/{rel}","templated":true}]}}