{"id":80151,"date":"2020-03-25T11:28:28","date_gmt":"2020-03-25T15:28:28","guid":{"rendered":"https:\/\/linitiative.ca\/International\/ccls-de-blida-un-pre-quota-de-160-000-qx-de-ble-dur-au-profit-des-operateurs\/"},"modified":"2020-03-25T11:28:28","modified_gmt":"2020-03-25T15:28:28","slug":"ccls-de-blida-un-pre-quota-de-160-000-qx-de-ble-dur-au-profit-des-operateurs","status":"publish","type":"post","link":"https:\/\/linitiative.ca\/International\/ccls-de-blida-un-pre-quota-de-160-000-qx-de-ble-dur-au-profit-des-operateurs\/","title":{"rendered":"CCLS de Blida: un pr\u00e9-quota de 160.000 qx de bl\u00e9 dur au profit des operateurs"},"content":{"rendered":"<div readability=\"40\">\n<p>BLIDA- Un pr\u00e9-quota de 160.000 qx de bl\u00e9 dur a \u00e9t\u00e9 destin\u00e9, mercredi, par la Coop\u00e9rative des c\u00e9r\u00e9ales et l\u00e9gumes secs (CCLS) de Blida au profit des op\u00e9rateurs, dans le but de mettre un terme \u00e0 la raret\u00e9 de la semoule sur les march\u00e9s, a-t-on appris aupr\u00e8s du directeur de la structure, Smain Agunini.<\/p>\n<\/div>\n<div readability=\"62.5\">\n<p>\u00ab\u00a0Nous avons proc\u00e9d\u00e9 \u00e0 l\u2019injection d\u2019une importante quantit\u00e9 de bl\u00e9 dur (mati\u00e8re premi\u00e8re \u00e0 la base de la production de la semoule), soit 160.000 qx, en vue de mettre un terme \u00e0 la raret\u00e9 de ce produit sur les march\u00e9s et \u00e0 la sp\u00e9culation l\u2019entourant\u00a0\u00bb, a indiqu\u00e9 \u00e0 l\u2019APS, M.Agunini.<\/p>\n<blockquote readability=\"10\">\n<p><em><strong>Il a signal\u00e9 l\u2019inscription de cette op\u00e9ration, dont le quota inject\u00e9 repr\u00e9sente les besoins en approvisionnement des op\u00e9rateurs pour une dizaine de jours, \u00ab\u00a0au titre des instructions du pr\u00e9sident de la R\u00e9publique et du minist\u00e8re de l\u2019Agriculture visant \u00e0 consacrer un \u00e9quilibre entre la forte demande et la disponibilit\u00e9 du produit\u00a0\u00bb.<\/strong><\/em><\/p>\n<\/blockquote>\n<p>Le responsable a, par la m\u00eame, soulign\u00e9 la possibilit\u00e9 offerte aux \u00ab\u00a0op\u00e9rateurs des wilayas de Blida, Tipasa et Alger, de se voir accorder le quota du mois d\u2019avril, en bl\u00e9 dur, de fa\u00e7on \u00e0 permettre aux minoteries d\u2019assurer une plus importante quantit\u00e9 de semoule au profit des citoyens\u00a0\u00bb, a-t-il fait savoir.<\/p>\n<p>\u00ab\u00a0Toutes les conditions sont r\u00e9unies au niveau de la CCLS pour l\u2019accueil des op\u00e9rateurs et l\u2019approvisionnement des minoteries, \u00e0 partir de 6H00 du matin jusqu\u2019 \u00e0 minuit\u00a0\u00bb, a-t-il, par ailleurs, assur\u00e9.<\/p>\n<\/div>\n<p>Auteur:<br \/>\n<a href=\"http:\/\/www.aps.dz\/regions\/103406-ccls-de-blida-un-pre-quota-de-160-000-qx-de-ble-dur-au-profit-des-operateurs\">Cliquez ici pour lire l&rsquo;article depuis sa source.<\/a><\/p>\n","protected":false},"excerpt":{"rendered":"<p>BLIDA- Un pr\u00e9-quota de 160.000 qx de bl\u00e9 dur a \u00e9t\u00e9 destin\u00e9, mercredi, par la Coop\u00e9rative des c\u00e9r\u00e9ales et l\u00e9gumes secs (CCLS) de Blida au profit des op\u00e9rateurs, dans le but de mettre un terme \u00e0 la raret\u00e9 de la semoule sur les march\u00e9s, a-t-on appris aupr\u00e8s du directeur de la structure, Smain Agunini. \u00ab\u00a0Nous [&hellip;]<\/p>\n","protected":false},"author":1790,"featured_media":0,"comment_status":"closed","ping_status":"closed","sticky":false,"template":"","format":"standard","meta":{"fifu_image_url":"","fifu_image_alt":"","footnotes":""},"categories":[53,76],"tags":[],"class_list":["post-80151","post","type-post","status-publish","format-standard","hentry","category-algerie","category-regions"],"_links":{"self":[{"href":"https:\/\/linitiative.ca\/International\/wp-json\/wp\/v2\/posts\/80151","targetHints":{"allow":["GET"]}}],"collection":[{"href":"https:\/\/linitiative.ca\/International\/wp-json\/wp\/v2\/posts"}],"about":[{"href":"https:\/\/linitiative.ca\/International\/wp-json\/wp\/v2\/types\/post"}],"author":[{"embeddable":true,"href":"https:\/\/linitiative.ca\/International\/wp-json\/wp\/v2\/users\/1790"}],"replies":[{"embeddable":true,"href":"https:\/\/linitiative.ca\/International\/wp-json\/wp\/v2\/comments?post=80151"}],"version-history":[{"count":0,"href":"https:\/\/linitiative.ca\/International\/wp-json\/wp\/v2\/posts\/80151\/revisions"}],"wp:attachment":[{"href":"https:\/\/linitiative.ca\/International\/wp-json\/wp\/v2\/media?parent=80151"}],"wp:term":[{"taxonomy":"category","embeddable":true,"href":"https:\/\/linitiative.ca\/International\/wp-json\/wp\/v2\/categories?post=80151"},{"taxonomy":"post_tag","embeddable":true,"href":"https:\/\/linitiative.ca\/International\/wp-json\/wp\/v2\/tags?post=80151"}],"curies":[{"name":"wp","href":"https:\/\/api.w.org\/{rel}","templated":true}]}}